{"id":140,"date":"2016-05-01T09:42:30","date_gmt":"2016-05-01T09:42:30","guid":{"rendered":"https:\/\/www.revier67.ch\/solothurn\/?p=140"},"modified":"2021-06-16T08:24:50","modified_gmt":"2021-06-16T08:24:50","slug":"banntag-2016-in-baerschwil","status":"publish","type":"post","link":"https:\/\/www.revier67.ch\/solothurn\/banntag-2016-in-baerschwil\/","title":{"rendered":"Banntag 2016 in B\u00e4rschwil"},"content":{"rendered":"\t\t<div data-elementor-type=\"wp-post\" data-elementor-id=\"140\" class=\"elementor elementor-140\" data-elementor-post-type=\"post\">\n\t\t\t\t\t\t<section class=\"elementor-section elementor-top-section elementor-element elementor-element-783a3625 elementor-section-boxed elementor-section-height-default elementor-section-height-default\" data-id=\"783a3625\" data-element_type=\"section\" data-e-type=\"section\">\n\t\t\t\t\t\t<div class=\"elementor-container elementor-column-gap-default\">\n\t\t\t\t\t<div class=\"elementor-column elementor-col-100 elementor-top-column elementor-element elementor-element-29f724cb\" data-id=\"29f724cb\" data-element_type=\"column\" data-e-type=\"column\">\n\t\t\t<div class=\"elementor-widget-wrap elementor-element-populated\">\n\t\t\t\t\t\t<div class=\"elementor-element elementor-element-4eab25cb elementor-widget elementor-widget-text-editor\" data-id=\"4eab25cb\" data-element_type=\"widget\" data-e-type=\"widget\" data-widget_type=\"text-editor.default\">\n\t\t\t\t<div class=\"elementor-widget-container\">\n\t\t\t\t\t\t\t\t\t\n<p>Bei pr\u00e4chtigem Wetter begaben sich die B\u00e4rschwiler auf den Banntag. Dieser findet alle zwei Jahre statt. Fast schon gewohnt darf die Jagdgesellschaft an Posten unterwegs etwas \u00fcber die Jagd pr\u00e4sentieren. In diesem Jahr abwechselnd mit dem F\u00f6rster Gerhard Walser. Dieser berichtet \u00fcber das Kronensterben bei den Eschen, welches f\u00fcr die Holzwirtschaft ein grosses Problem bedeutet. Im Weiteren erkl\u00e4rte er, warum die Wege und deren Unterhalt n\u00f6tig sind. Ein Posten war bei Jagdhaus der Jagdgesellschaft B\u00e4rschwil-Grindel. Dort konnte in Erfahrung gebracht werden, was es braucht um J\u00e4ger zu werden. Lesley M\u00fcller und Pascal Hesse sind in der Ausbildung und d\u00fcrfen n\u00e4chstens an die Pr\u00fcfung. Sie pr\u00e4sentierten mit viel Anschauungsmaterial die Vielfalt der F\u00e4cher und standen Rede und Antwort. Das gespendete Mineralwasser fand reissenden Absatz. Am n\u00e4chsten Posten erz\u00e4hlte der Pr\u00e4sident der Jagdgesellschaft Hugo B\u00fcrki etwas \u00fcber den Luchs. Aus Aktuellem Anlass interessierte das besonders. Ist es noch nicht lange her, als ein Luchs in B\u00e4rschwil zwei L\u00e4mmer gerissen hat. Mit grossem Interesse wurden die Fotos bestaunt. Viele konnten nicht glauben, dass diese sch\u00f6nen Tiere regelm\u00e4ssig in B\u00e4rschwil zu Besuch sind. Aber erst vor zwei Wochen konnte derselbe Luchs in Liesberg beobachtet werden, als er einen braven Gamsbock erbeutete. Dabei gelangen auch den Kameraden des Nachbarreviers tolle Fotos. Der Abschluss des Banntages konnte wie gewohnt auf dem Bergh\u00fcbel bei Wurst und Brot gefeiert werden. (HB2016)<\/p>\n\t\t\t\t\t\t\t\t<\/div>\n\t\t\t\t<\/div>\n\t\t\t\t\t<\/div>\n\t\t<\/div>\n\t\t\t\t\t<\/div>\n\t\t<\/section>\n\t\t\t\t<section class=\"elementor-section elementor-top-section elementor-element elementor-element-a14c015 elementor-section-boxed elementor-section-height-default elementor-section-height-default\" data-id=\"a14c015\" data-element_type=\"section\" data-e-type=\"section\">\n\t\t\t\t\t\t<div class=\"elementor-container elementor-column-gap-default\">\n\t\t\t\t\t<div class=\"elementor-column elementor-col-100 elementor-top-column elementor-element elementor-element-10a52e6\" data-id=\"10a52e6\" data-element_type=\"column\" data-e-type=\"column\">\n\t\t\t<div class=\"elementor-widget-wrap elementor-element-populated\">\n\t\t\t\t\t\t<div class=\"elementor-element elementor-element-27b6b07 elementor-arrows-position-inside elementor-pagination-position-outside elementor-widget elementor-widget-image-carousel\" data-id=\"27b6b07\" data-element_type=\"widget\" data-e-type=\"widget\" data-settings=\"{&quot;navigation&quot;:&quot;both&quot;,&quot;autoplay&quot;:&quot;yes&quot;,&quot;pause_on_hover&quot;:&quot;yes&quot;,&quot;pause_on_interaction&quot;:&quot;yes&quot;,&quot;autoplay_speed&quot;:5000,&quot;infinite&quot;:&quot;yes&quot;,&quot;speed&quot;:500}\" data-widget_type=\"image-carousel.default\">\n\t\t\t\t<div class=\"elementor-widget-container\">\n\t\t\t\t\t\t\t<div class=\"elementor-image-carousel-wrapper swiper\" role=\"region\" aria-roledescription=\"carousel\" aria-label=\"Bild Karussell\" dir=\"ltr\">\n\t\t\t<div class=\"elementor-image-carousel swiper-wrapper\" aria-live=\"off\">\n\t\t\t\t\t\t\t\t<div class=\"swiper-slide\" role=\"group\" aria-roledescription=\"slide\" aria-label=\"1 von 3\"><figure class=\"swiper-slide-inner\"><img decoding=\"async\" class=\"swiper-slide-image\" src=\"https:\/\/i0.wp.com\/www.revier67.ch\/solothurn\/wp-content\/uploads\/2019\/09\/4bbf396b4d.jpg?resize=150%2C150&amp;ssl=1\" alt=\"Theorie geh\u00f6rt zur J\u00e4gerausbildung\" \/><\/figure><\/div><div class=\"swiper-slide\" role=\"group\" aria-roledescription=\"slide\" aria-label=\"2 von 3\"><figure class=\"swiper-slide-inner\"><img decoding=\"async\" class=\"swiper-slide-image\" src=\"https:\/\/i0.wp.com\/www.revier67.ch\/solothurn\/wp-content\/uploads\/2019\/09\/b716a7cacd.jpg?resize=150%2C150&amp;ssl=1\" alt=\"Ebenso die Schiesspraxis\" \/><\/figure><\/div><div class=\"swiper-slide\" role=\"group\" aria-roledescription=\"slide\" aria-label=\"3 von 3\"><figure class=\"swiper-slide-inner\"><img decoding=\"async\" class=\"swiper-slide-image\" src=\"https:\/\/i0.wp.com\/www.revier67.ch\/solothurn\/wp-content\/uploads\/2019\/09\/db381da024.jpg?resize=150%2C150&amp;ssl=1\" alt=\"Der &quot;B\u00e4rschwiler Luchs&quot;\" \/><\/figure><\/div>\t\t\t<\/div>\n\t\t\t\t\t\t\t\t\t\t\t\t<div class=\"elementor-swiper-button elementor-swiper-button-prev\" role=\"button\" tabindex=\"0\">\n\t\t\t\t\t\t<i aria-hidden=\"true\" class=\"eicon-chevron-left\"><\/i>\t\t\t\t\t<\/div>\n\t\t\t\t\t<div class=\"elementor-swiper-button elementor-swiper-button-next\" role=\"button\" tabindex=\"0\">\n\t\t\t\t\t\t<i aria-hidden=\"true\" class=\"eicon-chevron-right\"><\/i>\t\t\t\t\t<\/div>\n\t\t\t\t\n\t\t\t\t\t\t\t\t\t<div class=\"swiper-pagination\"><\/div>\n\t\t\t\t\t\t\t\t\t<\/div>\n\t\t\t\t\t\t<\/div>\n\t\t\t\t<\/div>\n\t\t\t\t\t<\/div>\n\t\t<\/div>\n\t\t\t\t\t<\/div>\n\t\t<\/section>\n\t\t\t\t<\/div>\n\t\t","protected":false},"excerpt":{"rendered":"<p>Bei pr\u00e4chtigem Wetter begaben sich die B\u00e4rschwiler auf den Banntag. Dieser findet alle zwei Jahre statt. Fast schon gewohnt darf die Jagdgesellschaft an Posten unterwegs etwas \u00fcber die Jagd pr\u00e4sentieren. In diesem Jahr abwechselnd mit dem F\u00f6rster Gerhard Walser. Dieser berichtet \u00fcber das Kronensterben bei den Eschen, welches f\u00fcr die Holzwirtschaft ein grosses Problem bedeutet. [&hellip;]<\/p>\n","protected":false},"author":1,"featured_media":635,"comment_status":"open","ping_status":"closed","sticky":false,"template":"","format":"standard","meta":{"ocean_post_layout":"","ocean_both_sidebars_style":"","ocean_both_sidebars_content_width":0,"ocean_both_sidebars_sidebars_width":0,"ocean_sidebar":"0","ocean_second_sidebar":"0","ocean_disable_margins":"enable","ocean_add_body_class":"","ocean_shortcode_before_top_bar":"","ocean_shortcode_after_top_bar":"","ocean_shortcode_before_header":"","ocean_shortcode_after_header":"","ocean_has_shortcode":"","ocean_shortcode_after_title":"","ocean_shortcode_before_footer_widgets":"","ocean_shortcode_after_footer_widgets":"","ocean_shortcode_before_footer_bottom":"","ocean_shortcode_after_footer_bottom":"","ocean_display_top_bar":"default","ocean_display_header":"default","ocean_header_style":"","ocean_center_header_left_menu":"0","ocean_custom_header_template":"0","ocean_custom_logo":0,"ocean_custom_retina_logo":0,"ocean_custom_logo_max_width":0,"ocean_custom_logo_tablet_max_width":0,"ocean_custom_logo_mobile_max_width":0,"ocean_custom_logo_max_height":0,"ocean_custom_logo_tablet_max_height":0,"ocean_custom_logo_mobile_max_height":0,"ocean_header_custom_menu":"0","ocean_menu_typo_font_family":"0","ocean_menu_typo_font_subset":"","ocean_menu_typo_font_size":0,"ocean_menu_typo_font_size_tablet":0,"ocean_menu_typo_font_size_mobile":0,"ocean_menu_typo_font_size_unit":"px","ocean_menu_typo_font_weight":"","ocean_menu_typo_font_weight_tablet":"","ocean_menu_typo_font_weight_mobile":"","ocean_menu_typo_transform":"","ocean_menu_typo_transform_tablet":"","ocean_menu_typo_transform_mobile":"","ocean_menu_typo_line_height":0,"ocean_menu_typo_line_height_tablet":0,"ocean_menu_typo_line_height_mobile":0,"ocean_menu_typo_line_height_unit":"","ocean_menu_typo_spacing":0,"ocean_menu_typo_spacing_tablet":0,"ocean_menu_typo_spacing_mobile":0,"ocean_menu_typo_spacing_unit":"","ocean_menu_link_color":"","ocean_menu_link_color_hover":"","ocean_menu_link_color_active":"","ocean_menu_link_background":"","ocean_menu_link_hover_background":"","ocean_menu_link_active_background":"","ocean_menu_social_links_bg":"","ocean_menu_social_hover_links_bg":"","ocean_menu_social_links_color":"","ocean_menu_social_hover_links_color":"","ocean_disable_title":"default","ocean_disable_heading":"default","ocean_post_title":"","ocean_post_subheading":"","ocean_post_title_style":"","ocean_post_title_background_color":"","ocean_post_title_background":0,"ocean_post_title_bg_image_position":"","ocean_post_title_bg_image_attachment":"","ocean_post_title_bg_image_repeat":"","ocean_post_title_bg_image_size":"","ocean_post_title_height":0,"ocean_post_title_bg_overlay":0.5,"ocean_post_title_bg_overlay_color":"","ocean_disable_breadcrumbs":"default","ocean_breadcrumbs_color":"","ocean_breadcrumbs_separator_color":"","ocean_breadcrumbs_links_color":"","ocean_breadcrumbs_links_hover_color":"","ocean_display_footer_widgets":"default","ocean_display_footer_bottom":"default","ocean_custom_footer_template":"0","_jetpack_memberships_contains_paid_content":false,"ocean_post_oembed":"","ocean_post_self_hosted_media":"","ocean_post_video_embed":"","ocean_link_format":"","ocean_link_format_target":"self","ocean_quote_format":"","ocean_quote_format_link":"post","ocean_gallery_link_images":"off","ocean_gallery_id":[143,142,141],"footnotes":""},"categories":[12,10],"tags":[],"class_list":["post-140","post","type-post","status-publish","format-standard","has-post-thumbnail","hentry","category-alle-beitraege","category-revier-aktuell","entry","has-media"],"featured_image_urls_v2":{"full":["https:\/\/i0.wp.com\/www.revier67.ch\/solothurn\/wp-content\/uploads\/2016\/05\/Baerschwil-e1623830979827.png?fit=408%2C163&ssl=1",408,163,false],"thumbnail":["https:\/\/i0.wp.com\/www.revier67.ch\/solothurn\/wp-content\/uploads\/2016\/05\/Baerschwil-e1623830979827.png?resize=150%2C150&ssl=1",150,150,true],"medium":["https:\/\/i0.wp.com\/www.revier67.ch\/solothurn\/wp-content\/uploads\/2016\/05\/Baerschwil-e1623830979827.png?fit=300%2C120&ssl=1",300,120,true],"medium_large":["https:\/\/i0.wp.com\/www.revier67.ch\/solothurn\/wp-content\/uploads\/2016\/05\/Baerschwil-e1623830979827.png?fit=408%2C163&ssl=1",408,163,true],"large":["https:\/\/i0.wp.com\/www.revier67.ch\/solothurn\/wp-content\/uploads\/2016\/05\/Baerschwil-e1623830979827.png?fit=408%2C163&ssl=1",408,163,true],"1536x1536":["https:\/\/i0.wp.com\/www.revier67.ch\/solothurn\/wp-content\/uploads\/2016\/05\/Baerschwil-e1623830979827.png?fit=408%2C163&ssl=1",408,163,true],"2048x2048":["https:\/\/i0.wp.com\/www.revier67.ch\/solothurn\/wp-content\/uploads\/2016\/05\/Baerschwil-e1623830979827.png?fit=408%2C163&ssl=1",408,163,true],"ocean-thumb-m":["https:\/\/i0.wp.com\/www.revier67.ch\/solothurn\/wp-content\/uploads\/2016\/05\/Baerschwil-e1623830979827.png?resize=408%2C163&ssl=1",408,163,true],"ocean-thumb-ml":["https:\/\/i0.wp.com\/www.revier67.ch\/solothurn\/wp-content\/uploads\/2016\/05\/Baerschwil-e1623830979827.png?resize=408%2C163&ssl=1",408,163,true],"ocean-thumb-l":["https:\/\/i0.wp.com\/www.revier67.ch\/solothurn\/wp-content\/uploads\/2016\/05\/Baerschwil-e1623830979827.png?resize=408%2C163&ssl=1",408,163,true]},"post_excerpt_stackable_v2":"<p>Bei pr\u00e4chtigem Wetter begaben sich die B\u00e4rschwiler auf den Banntag. Dieser findet alle zwei Jahre statt. Fast schon gewohnt darf die Jagdgesellschaft an Posten unterwegs etwas \u00fcber die Jagd pr\u00e4sentieren. In diesem Jahr abwechselnd mit dem F\u00f6rster Gerhard Walser. Dieser berichtet \u00fcber das Kronensterben bei den Eschen, welches f\u00fcr die Holzwirtschaft ein grosses Problem bedeutet. Im Weiteren erkl\u00e4rte er, warum die Wege und deren Unterhalt n\u00f6tig sind. Ein Posten war bei Jagdhaus der Jagdgesellschaft B\u00e4rschwil-Grindel. Dort konnte in Erfahrung gebracht werden, was es braucht um J\u00e4ger zu werden. Lesley M\u00fcller und Pascal Hesse sind in der Ausbildung und d\u00fcrfen n\u00e4chstens&hellip;<\/p>\n","category_list_v2":"<a href=\"https:\/\/www.revier67.ch\/solothurn\/category\/alle-beitraege\/\" rel=\"category tag\">Alle Beitr\u00e4ge<\/a>, <a href=\"https:\/\/www.revier67.ch\/solothurn\/category\/revier-aktuell\/\" rel=\"category tag\">Revier aktuell<\/a>","author_info_v2":{"name":"Gernot Seitz","url":"https:\/\/www.revier67.ch\/solothurn\/author\/gernot_wn7gg262\/"},"comments_num_v2":"0 comments","jetpack_featured_media_url":"https:\/\/i0.wp.com\/www.revier67.ch\/solothurn\/wp-content\/uploads\/2016\/05\/Baerschwil-e1623830979827.png?fit=408%2C163&ssl=1","jetpack_sharing_enabled":true,"_links":{"self":[{"href":"https:\/\/www.revier67.ch\/solothurn\/wp-json\/wp\/v2\/posts\/140","targetHints":{"allow":["GET"]}}],"collection":[{"href":"https:\/\/www.revier67.ch\/solothurn\/wp-json\/wp\/v2\/posts"}],"about":[{"href":"https:\/\/www.revier67.ch\/solothurn\/wp-json\/wp\/v2\/types\/post"}],"author":[{"embeddable":true,"href":"https:\/\/www.revier67.ch\/solothurn\/wp-json\/wp\/v2\/users\/1"}],"replies":[{"embeddable":true,"href":"https:\/\/www.revier67.ch\/solothurn\/wp-json\/wp\/v2\/comments?post=140"}],"version-history":[{"count":6,"href":"https:\/\/www.revier67.ch\/solothurn\/wp-json\/wp\/v2\/posts\/140\/revisions"}],"predecessor-version":[{"id":645,"href":"https:\/\/www.revier67.ch\/solothurn\/wp-json\/wp\/v2\/posts\/140\/revisions\/645"}],"wp:featuredmedia":[{"embeddable":true,"href":"https:\/\/www.revier67.ch\/solothurn\/wp-json\/wp\/v2\/media\/635"}],"wp:attachment":[{"href":"https:\/\/www.revier67.ch\/solothurn\/wp-json\/wp\/v2\/media?parent=140"}],"wp:term":[{"taxonomy":"category","embeddable":true,"href":"https:\/\/www.revier67.ch\/solothurn\/wp-json\/wp\/v2\/categories?post=140"},{"taxonomy":"post_tag","embeddable":true,"href":"https:\/\/www.revier67.ch\/solothurn\/wp-json\/wp\/v2\/tags?post=140"}],"curies":[{"name":"wp","href":"https:\/\/api.w.org\/{rel}","templated":true}]}}