{"id":1553,"date":"2022-04-11T19:08:27","date_gmt":"2022-04-11T17:08:27","guid":{"rendered":"https:\/\/www.revier67.ch\/solothurn\/?p=1553"},"modified":"2022-04-11T19:11:54","modified_gmt":"2022-04-11T17:11:54","slug":"der-todeskampf-im-weidezaun","status":"publish","type":"post","link":"https:\/\/www.revier67.ch\/solothurn\/der-todeskampf-im-weidezaun\/","title":{"rendered":"Der Todeskampf im Weidezaun"},"content":{"rendered":"\n<blockquote class=\"wp-block-quote is-layout-flow wp-block-quote-is-layout-flow\"><p>Der Unsachgem\u00e4ss oder gar gesetzwidrig erstellte, sowie der vernachl\u00e4ssigte \u00abWeidezaun\u00bb ist seit Jahrzehnten ein ungel\u00f6stes Problem&#8230;<\/p><p>Wer sich diesem Thema ernsthaft annehmen will, sp\u00fcrt sofort, dass sich niemand wirklich daf\u00fcr verantwortlich f\u00fchlt&#8230;<\/p><\/blockquote>\n\n\n\n<h2 class=\"wp-block-heading\">Altes Problem<\/h2>\n\n\n\n<p>Z\u00e4une gibt es seit der Mensch Tiere <a href=\"https:\/\/de.wikipedia.org\/wiki\/Domestizierung\" target=\"_blank\" rel=\"noreferrer noopener\">domestiziert <\/a>hat. Fr\u00fcher waren es Hindernisse aus nat\u00fcrlichem Material wie \u00c4ste oder Stein dann folgten Z\u00e4une aus Draht und heute sehen wir viele Weidez\u00e4une aus Kunststoff.<\/p>\n\n\n\n<p>Es ist egal wie man es betrachtet ein Bed\u00fcrfnis der Tierbesitzer daf\u00fcr zu sorgen, dass Ihre Tiere an dem Ort bleiben an dem sie sein sollten. Dies dient nicht nur dem Besitzer &#8211; ein Schaf oder eine Kuh die verlustig geht schl\u00e4gt ins Budget, es ist auch f\u00fcr die Nutztiere ein Faktor der ihre Sicherheit garantiert &#8211; ein Schaf das auf der Hauptstrasse spazieren geht lebt nicht lange&#8230;<\/p>\n\n\n\n<p>Auf der anderen Seite der Betrachtung stehen die Tiere die schon lange vor der Nutzung des Wiesen als Weidefl\u00e4chen ihr Leben dort verbracht haben, die Wildtiere wie Hirsch, <a href=\"https:\/\/www.revier67.ch\/solothurn\/die-jagd\/unser-wild\/das-reh\/\" target=\"_blank\" data-type=\"page\" data-id=\"427\" rel=\"noreferrer noopener\">Reh<\/a>, <a href=\"https:\/\/www.revier67.ch\/solothurn\/die-jagd\/unser-wild\/https-www-revier67-ch-solothurn-page-id413\/\" target=\"_blank\" data-type=\"page\" data-id=\"413\" rel=\"noreferrer noopener\">Fuchs <\/a>und <a href=\"https:\/\/www.revier67.ch\/solothurn\/die-jagd\/unsere-voegel\/der-rotmilan\/\" target=\"_blank\" data-type=\"page\" data-id=\"735\" rel=\"noreferrer noopener\">V\u00f6gel<\/a>.<\/p>\n\n\n\n<h2 class=\"wp-block-heading\">Kosten\/Nutzen Abw\u00e4gung<\/h2>\n\n\n\n<p>Keiner m\u00f6chte irgend einem Beteiligten b\u00f6swilliges Verhalten vorwerfen!<\/p>\n\n\n\n<p>Manch einer der einen Weidezaun aufstellt hat wohl mehr wie diese Aufgabe auf dem t\u00e4glichen Arbeitsplan. Viehwirtschaft ist ein aufwendiges Gewerbe, die Zeit ist knapp. Warum also den Zaun den man die letzten Tage nutzte nicht noch ein paar Tage\/Wochen stehen lassen? Man kann ja sp\u00e4ter an das Abr\u00e4umen gehen&#8230;<\/p>\n\n\n\n<p>In vielen F\u00e4llen mag auch ein gewisses &#8218;Es wird schon nichts passieren&#8216; Verhalten dazu f\u00fchren, dass die Z\u00e4une stehen bleiben.<\/p>\n\n\n\n<p>Oder, was eben auch immer wieder vorkommt &#8211; &#8218;ich mache es sp\u00e4ter&#8230;&#8216; und schon ist es vergessen.<\/p>\n\n\n\n<p>Das m\u00f6gliche Resultat sieht so aus:<\/p>\n\n\n\n<figure class=\"wp-block-image size-large\"><a href=\"https:\/\/i0.wp.com\/jagen.blog\/wp-content\/uploads\/2022\/03\/Reh-im-Zaun-verendet-scaled.jpg?ssl=1\"><img data-recalc-dims=\"1\" height=\"764\" width=\"1024\" decoding=\"async\" src=\"https:\/\/i0.wp.com\/www.revier67.ch\/solothurn\/wp-content\/uploads\/2022\/04\/Reh-im-Zaun-verendet-1024x764.jpg?resize=1024%2C764&#038;ssl=1\" alt=\"Weidezaun\" class=\"wp-image-8012\"\/><\/a><figcaption>Reh im Zaun verendet<\/figcaption><\/figure>\n\n\n\n<h2 class=\"wp-block-heading\">\u00dcber allem steht das Gesetz<\/h2>\n\n\n\n<p>Die Jagdverordnungen der Kantone der Schweiz handhaben die Anwendung des Weidezaun unterschiedlich. Im Kanton Solothurn ist die Lage jedoch klar definiert:<\/p>\n\n\n\n<p>Auszug aus der <a href=\"https:\/\/so.ch\/fileadmin\/internet\/vwd\/vwd-awjf-jagd\/pdf\/jagdverordnung.pdf\" target=\"_blank\" rel=\"noreferrer noopener\">Jagdverordnung des Kt.SO<\/a>:<\/p>\n\n\n\n<pre class=\"wp-block-preformatted\">\u00a7 44 Mobile Weidenetze\n 1 Mobile Weidenetze d\u00fcrfen nur installiert werden, wenn Nutztiere die\n eingez\u00e4unten Fl\u00e4chen auch beweiden. Sie sind sp\u00e4testens drei Tage nach\n Beendigung des Weideganges zu entfernen.\n\n 2 Die Jagdvereine k\u00f6nnen, nach erfolgloser Mahnung des Bewirtschafters\n oder der Bewirtschafterin, mobile Weidenetze entsch\u00e4digungslos entfernen,\n wenn diese n\u00e4her als 200 Meter an einem Waldrand und l\u00e4nger als\n vierzehn Tage nach Beendigung des Weideganges aufgestellt sind.<\/pre>\n\n\n\n<p>Viele Kantone handhaben das Problem der Mobilen Z\u00e4une \u00e4hnlich.<\/p>\n\n\n\n<h3 class=\"wp-block-heading\">Das Problem der Umsetzung<\/h3>\n\n\n\n<p>Wie so oft mit Gesetzen und Verordnungen liegt das Problem im Um- und Durchsetzen. Wer kontrolliert den Abstand zum Wald, wer kontrolliert ob der Zaun 3 Tage nach dem Ende der Weidenutzung abgebaut wird?<\/p>\n\n\n\n<p>Solange es der Person nicht klar ist was Sie mit Ihrem Handeln ausl\u00f6sen kann oder schlimmer, es ihr egal ist welch Leid Sie damit erzeugen kann, ist es schwierig eine Einsicht zum Befolgen der Gesetze zu erwirken.<\/p>\n\n\n\n<h3 class=\"wp-block-heading\">Hilfe bei der Umsetzung<\/h3>\n\n\n\n<p>Es wird immer wieder \u00fcber den J\u00e4ger oder die Jagt hergezogen&#8230;<br>Doch gerade dieses Element ist es, das das Problem mit der Umsetzung der Verordnung zum Thema Weidez\u00e4une positiv beeinflussen kann&#8230;<\/p>\n\n\n\n<p>Wer kennt das Gebiet (Revier) am besten, wer erkennt Ver\u00e4nderungen und wer muss die verendeten Tiere bergen? Die J\u00e4gerschaft und die Jagdaufsicht&#8230;<\/p>\n\n\n\n<p>Hier muss eine St\u00e4rkung der Rolle der Jagd und eine St\u00e4rkung der J\u00e4gerschaft stattfinden!<br>Die Verordnungen m\u00fcssen umgesetzt, die verantwortlichen Bauern m\u00fcssen aufgekl\u00e4rt werden &#8211; es muss ein zusammenarbeiten entstehen. So gerne der Landwirt eine Wildschadenerstattung entgegen nimmt, so gerne muss er seine Weidez\u00e4une pflegen &#8211; dies klingt selbstverst\u00e4ndlich aber die Erfahrungen zum Thema Rekitzrettung und den Aufwand den die J\u00e4gerschaft bei diesem Problem aufwendet um bei den landwirtschaftlichen Betrieben Geh\u00f6r zu finden l\u00e4sst noch viel Arbeit erahnen&#8230;<\/p>\n\n\n\n<p>Solche Bilder m\u00f6chte niemand sehen<\/p>\n\n\n\n<div class=\"wp-block-jetpack-slideshow aligncenter\" data-autoplay=\"true\" data-delay=\"2\" data-effect=\"slide\"><div class=\"wp-block-jetpack-slideshow_container swiper-container\"><ul class=\"wp-block-jetpack-slideshow_swiper-wrapper swiper-wrapper\"><li class=\"wp-block-jetpack-slideshow_slide swiper-slide\"><figure><img data-recalc-dims=\"1\" height=\"768\" width=\"1024\" decoding=\"async\" alt=\"\" class=\"wp-block-jetpack-slideshow_image wp-image-8018\" data-id=\"8018\" src=\"https:\/\/i0.wp.com\/www.revier67.ch\/solothurn\/wp-content\/uploads\/2022\/04\/Fuchs-im-Stacheldraht-verendet-1024x768.jpg?resize=1024%2C768&#038;ssl=1\"\/><\/figure><\/li><li class=\"wp-block-jetpack-slideshow_slide swiper-slide\"><figure><img data-recalc-dims=\"1\" height=\"1024\" width=\"768\" decoding=\"async\" alt=\"\" class=\"wp-block-jetpack-slideshow_image wp-image-8016\" data-id=\"8016\" src=\"https:\/\/i0.wp.com\/www.revier67.ch\/solothurn\/wp-content\/uploads\/2022\/04\/Greifvogel-in-Stacheldraht-verendet-768x1024.jpg?resize=768%2C1024&#038;ssl=1\"\/><\/figure><\/li><li class=\"wp-block-jetpack-slideshow_slide swiper-slide\"><figure><img data-recalc-dims=\"1\" height=\"768\" width=\"1024\" decoding=\"async\" alt=\"\" class=\"wp-block-jetpack-slideshow_image wp-image-8019\" data-id=\"8019\" src=\"https:\/\/i0.wp.com\/www.revier67.ch\/solothurn\/wp-content\/uploads\/2022\/04\/Qualvoller-Tod-nach-Stacheldrahtverletzung-1024x768.jpg?resize=1024%2C768&#038;ssl=1\"\/><\/figure><\/li><li class=\"wp-block-jetpack-slideshow_slide swiper-slide\"><figure><img data-recalc-dims=\"1\" height=\"764\" width=\"1024\" decoding=\"async\" alt=\"\" class=\"wp-block-jetpack-slideshow_image wp-image-8021\" data-id=\"8021\" src=\"https:\/\/i0.wp.com\/www.revier67.ch\/solothurn\/wp-content\/uploads\/2022\/04\/Reh-im-Zaun-verendet-1-1024x764.jpg?resize=1024%2C764&#038;ssl=1\"\/><\/figure><\/li><li class=\"wp-block-jetpack-slideshow_slide swiper-slide\"><figure><img data-recalc-dims=\"1\" height=\"768\" width=\"1024\" decoding=\"async\" alt=\"\" class=\"wp-block-jetpack-slideshow_image wp-image-8017\" data-id=\"8017\" src=\"https:\/\/i0.wp.com\/www.revier67.ch\/solothurn\/wp-content\/uploads\/2022\/04\/Reh-in-Weidenetz-gefangen-1024x768.jpg?resize=1024%2C768&#038;ssl=1\"\/><\/figure><\/li><li class=\"wp-block-jetpack-slideshow_slide swiper-slide\"><figure><img data-recalc-dims=\"1\" height=\"768\" width=\"1024\" decoding=\"async\" alt=\"\" class=\"wp-block-jetpack-slideshow_image wp-image-8022\" data-id=\"8022\" src=\"https:\/\/i0.wp.com\/www.revier67.ch\/solothurn\/wp-content\/uploads\/2022\/04\/Rehbock-in-Weidenetz-verendet-1-1024x768.jpg?resize=1024%2C768&#038;ssl=1\"\/><\/figure><\/li><li class=\"wp-block-jetpack-slideshow_slide swiper-slide\"><figure><img data-recalc-dims=\"1\" height=\"576\" width=\"1024\" decoding=\"async\" alt=\"\" class=\"wp-block-jetpack-slideshow_image wp-image-8020\" data-id=\"8020\" src=\"https:\/\/i0.wp.com\/www.revier67.ch\/solothurn\/wp-content\/uploads\/2022\/04\/Reh-Kitz-verendet-im-Weidenetz-1024x576.jpg?resize=1024%2C576&#038;ssl=1\"\/><\/figure><\/li><li class=\"wp-block-jetpack-slideshow_slide swiper-slide\"><figure><img data-recalc-dims=\"1\" height=\"768\" width=\"1024\" decoding=\"async\" alt=\"\" class=\"wp-block-jetpack-slideshow_image wp-image-8023\" data-id=\"8023\" src=\"https:\/\/i0.wp.com\/www.revier67.ch\/solothurn\/wp-content\/uploads\/2022\/04\/Rothirsch-im-Weidenetz-verfangen-1024x768.jpg?resize=1024%2C768&#038;ssl=1\"\/><\/figure><\/li><li class=\"wp-block-jetpack-slideshow_slide swiper-slide\"><figure><img data-recalc-dims=\"1\" height=\"1024\" width=\"768\" decoding=\"async\" alt=\"\" class=\"wp-block-jetpack-slideshow_image wp-image-8024\" data-id=\"8024\" src=\"https:\/\/i0.wp.com\/www.revier67.ch\/solothurn\/wp-content\/uploads\/2022\/04\/Rothirsch-in-Draht-verendet-768x1024.jpg?resize=768%2C1024&#038;ssl=1\"\/><\/figure><\/li><li class=\"wp-block-jetpack-slideshow_slide swiper-slide\"><figure><img data-recalc-dims=\"1\" height=\"768\" width=\"1024\" decoding=\"async\" alt=\"\" class=\"wp-block-jetpack-slideshow_image wp-image-8025\" data-id=\"8025\" src=\"https:\/\/i0.wp.com\/www.revier67.ch\/solothurn\/wp-content\/uploads\/2022\/04\/Toedliches-Hirschdrama-im-Werdenberg-1024x768.jpg?resize=1024%2C768&#038;ssl=1\"\/><\/figure><\/li><\/ul><a class=\"wp-block-jetpack-slideshow_button-prev swiper-button-prev swiper-button-white\" role=\"button\"><\/a><a class=\"wp-block-jetpack-slideshow_button-next swiper-button-next swiper-button-white\" role=\"button\"><\/a><a aria-label=\"Pause Slideshow\" class=\"wp-block-jetpack-slideshow_button-pause\" role=\"button\"><\/a><div class=\"wp-block-jetpack-slideshow_pagination swiper-pagination swiper-pagination-white\"><\/div><\/div><\/div>\n\n\n\n<p>Grundlegend positiv ist zu erw\u00e4hnen, dass der Einsatz von Stacheldraht kein Thema mehr ist! Selbst alte Stacheldrahtz\u00e4une werden immer \u00f6fter ersetzt oder gar abgebaut!<br>Ein Bild wie dieses geh\u00f6rt hoffentlich bald der Vergangenheit an<\/p>\n\n\n\n<div class=\"wp-block-image\"><figure class=\"aligncenter size-large\"><a href=\"https:\/\/i0.wp.com\/jagen.blog\/wp-content\/uploads\/2022\/03\/Qualvoller-Tod-nach-Stacheldrahtverletzung-scaled.jpg?ssl=1\"><img data-recalc-dims=\"1\" height=\"768\" width=\"1024\" decoding=\"async\" src=\"https:\/\/i0.wp.com\/www.revier67.ch\/solothurn\/wp-content\/uploads\/2022\/04\/Qualvoller-Tod-nach-Stacheldrahtverletzung-1024x768.jpg?resize=1024%2C768&#038;ssl=1\" alt=\"Qualvoller Tod nach Stacheldrahtverletzung\" class=\"wp-image-8019\"\/><\/a><figcaption>Qualvoller Tod nach Stacheldrahtverletzung<\/figcaption><\/figure><\/div>\n","protected":false},"excerpt":{"rendered":"<p>Der Unsachgem\u00e4ss oder gar gesetzwidrig erstellte, sowie der vernachl\u00e4ssigte \u00abWeidezaun\u00bb ist seit Jahrzehnten ein ungel\u00f6stes Problem&#8230;<br \/>\nWer sich diesem Thema ernsthaft annehmen will, sp\u00fcrt sofort, dass sich niemand wirklich daf\u00fcr verantwortlich f\u00fchlt&#8230;<\/p>\n","protected":false},"author":6,"featured_media":1561,"comment_status":"open","ping_status":"closed","sticky":false,"template":"","format":"standard","meta":{"ocean_post_layout":"","ocean_both_sidebars_style":"","ocean_both_sidebars_content_width":0,"ocean_both_sidebars_sidebars_width":0,"ocean_sidebar":"0","ocean_second_sidebar":"0","ocean_disable_margins":"enable","ocean_add_body_class":"","ocean_shortcode_before_top_bar":"","ocean_shortcode_after_top_bar":"","ocean_shortcode_before_header":"","ocean_shortcode_after_header":"","ocean_has_shortcode":"","ocean_shortcode_after_title":"","ocean_shortcode_before_footer_widgets":"","ocean_shortcode_after_footer_widgets":"","ocean_shortcode_before_footer_bottom":"","ocean_shortcode_after_footer_bottom":"","ocean_display_top_bar":"default","ocean_display_header":"default","ocean_header_style":"","ocean_center_header_left_menu":"0","ocean_custom_header_template":"0","ocean_custom_logo":0,"ocean_custom_retina_logo":0,"ocean_custom_logo_max_width":0,"ocean_custom_logo_tablet_max_width":0,"ocean_custom_logo_mobile_max_width":0,"ocean_custom_logo_max_height":0,"ocean_custom_logo_tablet_max_height":0,"ocean_custom_logo_mobile_max_height":0,"ocean_header_custom_menu":"0","ocean_menu_typo_font_family":"0","ocean_menu_typo_font_subset":"","ocean_menu_typo_font_size":0,"ocean_menu_typo_font_size_tablet":0,"ocean_menu_typo_font_size_mobile":0,"ocean_menu_typo_font_size_unit":"px","ocean_menu_typo_font_weight":"","ocean_menu_typo_font_weight_tablet":"","ocean_menu_typo_font_weight_mobile":"","ocean_menu_typo_transform":"","ocean_menu_typo_transform_tablet":"","ocean_menu_typo_transform_mobile":"","ocean_menu_typo_line_height":0,"ocean_menu_typo_line_height_tablet":0,"ocean_menu_typo_line_height_mobile":0,"ocean_menu_typo_line_height_unit":"","ocean_menu_typo_spacing":0,"ocean_menu_typo_spacing_tablet":0,"ocean_menu_typo_spacing_mobile":0,"ocean_menu_typo_spacing_unit":"","ocean_menu_link_color":"","ocean_menu_link_color_hover":"","ocean_menu_link_color_active":"","ocean_menu_link_background":"","ocean_menu_link_hover_background":"","ocean_menu_link_active_background":"","ocean_menu_social_links_bg":"","ocean_menu_social_hover_links_bg":"","ocean_menu_social_links_color":"","ocean_menu_social_hover_links_color":"","ocean_disable_title":"default","ocean_disable_heading":"default","ocean_post_title":"","ocean_post_subheading":"","ocean_post_title_style":"","ocean_post_title_background_color":"","ocean_post_title_background":0,"ocean_post_title_bg_image_position":"","ocean_post_title_bg_image_attachment":"","ocean_post_title_bg_image_repeat":"","ocean_post_title_bg_image_size":"","ocean_post_title_height":0,"ocean_post_title_bg_overlay":0.5,"ocean_post_title_bg_overlay_color":"","ocean_disable_breadcrumbs":"default","ocean_breadcrumbs_color":"","ocean_breadcrumbs_separator_color":"","ocean_breadcrumbs_links_color":"","ocean_breadcrumbs_links_hover_color":"","ocean_display_footer_widgets":"default","ocean_display_footer_bottom":"default","ocean_custom_footer_template":"0","_jetpack_memberships_contains_paid_content":false,"ocean_post_oembed":"","ocean_post_self_hosted_media":"","ocean_post_video_embed":"","ocean_link_format":"","ocean_link_format_target":"self","ocean_quote_format":"","ocean_quote_format_link":"post","ocean_gallery_link_images":"off","ocean_gallery_id":[],"footnotes":""},"categories":[11],"tags":[],"class_list":["post-1553","post","type-post","status-publish","format-standard","has-post-thumbnail","hentry","category-jagd-aktuell","entry","has-media"],"featured_image_urls_v2":{"full":["https:\/\/i0.wp.com\/www.revier67.ch\/solothurn\/wp-content\/uploads\/2022\/04\/Rehbock-in-Weidenetz-verendet-1-1024x768.jpg?fit=1024%2C768&ssl=1",1024,768,false],"thumbnail":["https:\/\/i0.wp.com\/www.revier67.ch\/solothurn\/wp-content\/uploads\/2022\/04\/Rehbock-in-Weidenetz-verendet-1-1024x768.jpg?resize=150%2C150&ssl=1",150,150,true],"medium":["https:\/\/i0.wp.com\/www.revier67.ch\/solothurn\/wp-content\/uploads\/2022\/04\/Rehbock-in-Weidenetz-verendet-1-1024x768.jpg?fit=300%2C225&ssl=1",300,225,true],"medium_large":["https:\/\/i0.wp.com\/www.revier67.ch\/solothurn\/wp-content\/uploads\/2022\/04\/Rehbock-in-Weidenetz-verendet-1-1024x768.jpg?fit=768%2C576&ssl=1",768,576,true],"large":["https:\/\/i0.wp.com\/www.revier67.ch\/solothurn\/wp-content\/uploads\/2022\/04\/Rehbock-in-Weidenetz-verendet-1-1024x768.jpg?fit=1024%2C768&ssl=1",1024,768,true],"1536x1536":["https:\/\/i0.wp.com\/www.revier67.ch\/solothurn\/wp-content\/uploads\/2022\/04\/Rehbock-in-Weidenetz-verendet-1-1024x768.jpg?fit=1024%2C768&ssl=1",1024,768,true],"2048x2048":["https:\/\/i0.wp.com\/www.revier67.ch\/solothurn\/wp-content\/uploads\/2022\/04\/Rehbock-in-Weidenetz-verendet-1-1024x768.jpg?fit=1024%2C768&ssl=1",1024,768,true],"ocean-thumb-m":["https:\/\/i0.wp.com\/www.revier67.ch\/solothurn\/wp-content\/uploads\/2022\/04\/Rehbock-in-Weidenetz-verendet-1-1024x768.jpg?resize=600%2C600&ssl=1",600,600,true],"ocean-thumb-ml":["https:\/\/i0.wp.com\/www.revier67.ch\/solothurn\/wp-content\/uploads\/2022\/04\/Rehbock-in-Weidenetz-verendet-1-1024x768.jpg?resize=800%2C450&ssl=1",800,450,true],"ocean-thumb-l":["https:\/\/i0.wp.com\/www.revier67.ch\/solothurn\/wp-content\/uploads\/2022\/04\/Rehbock-in-Weidenetz-verendet-1-1024x768.jpg?resize=1024%2C700&ssl=1",1024,700,true]},"post_excerpt_stackable_v2":"<p>Der Unsachgem\u00e4ss oder gar gesetzwidrig erstellte, sowie der vernachl\u00e4ssigte \u00abWeidezaun\u00bb ist seit Jahrzehnten ein ungel\u00f6stes Problem&#8230;<br \/>\nWer sich diesem Thema ernsthaft annehmen will, sp\u00fcrt sofort, dass sich niemand wirklich daf\u00fcr verantwortlich f\u00fchlt&#8230;<\/p>\n","category_list_v2":"<a href=\"https:\/\/www.revier67.ch\/solothurn\/category\/jagd-aktuell\/\" rel=\"category tag\">Jagd aktuell<\/a>","author_info_v2":{"name":"Peter Treier","url":"https:\/\/www.revier67.ch\/solothurn\/author\/peter-treier\/"},"comments_num_v2":"0 comments","jetpack_featured_media_url":"https:\/\/i0.wp.com\/www.revier67.ch\/solothurn\/wp-content\/uploads\/2022\/04\/Rehbock-in-Weidenetz-verendet-1-1024x768.jpg?fit=1024%2C768&ssl=1","jetpack_sharing_enabled":true,"_links":{"self":[{"href":"https:\/\/www.revier67.ch\/solothurn\/wp-json\/wp\/v2\/posts\/1553","targetHints":{"allow":["GET"]}}],"collection":[{"href":"https:\/\/www.revier67.ch\/solothurn\/wp-json\/wp\/v2\/posts"}],"about":[{"href":"https:\/\/www.revier67.ch\/solothurn\/wp-json\/wp\/v2\/types\/post"}],"author":[{"embeddable":true,"href":"https:\/\/www.revier67.ch\/solothurn\/wp-json\/wp\/v2\/users\/6"}],"replies":[{"embeddable":true,"href":"https:\/\/www.revier67.ch\/solothurn\/wp-json\/wp\/v2\/comments?post=1553"}],"version-history":[{"count":7,"href":"https:\/\/www.revier67.ch\/solothurn\/wp-json\/wp\/v2\/posts\/1553\/revisions"}],"predecessor-version":[{"id":1628,"href":"https:\/\/www.revier67.ch\/solothurn\/wp-json\/wp\/v2\/posts\/1553\/revisions\/1628"}],"wp:featuredmedia":[{"embeddable":true,"href":"https:\/\/www.revier67.ch\/solothurn\/wp-json\/wp\/v2\/media\/1561"}],"wp:attachment":[{"href":"https:\/\/www.revier67.ch\/solothurn\/wp-json\/wp\/v2\/media?parent=1553"}],"wp:term":[{"taxonomy":"category","embeddable":true,"href":"https:\/\/www.revier67.ch\/solothurn\/wp-json\/wp\/v2\/categories?post=1553"},{"taxonomy":"post_tag","embeddable":true,"href":"https:\/\/www.revier67.ch\/solothurn\/wp-json\/wp\/v2\/tags?post=1553"}],"curies":[{"name":"wp","href":"https:\/\/api.w.org\/{rel}","templated":true}]}}