{"id":3069,"date":"2019-07-04T18:37:51","date_gmt":"2019-07-04T16:37:51","guid":{"rendered":"https:\/\/jagen.blog\/?p=3069"},"modified":"2019-07-04T18:37:51","modified_gmt":"2019-07-04T16:37:51","slug":"wenn-die-aesung-mit-dem-aeser-aufgenommen-wird","status":"publish","type":"post","link":"https:\/\/www.revier67.ch\/solothurn\/wenn-die-aesung-mit-dem-aeser-aufgenommen-wird\/","title":{"rendered":"Wenn die \u00c4sung mit dem \u00c4ser aufgenommen wird&#8230;"},"content":{"rendered":"\n<blockquote class=\"wp-block-quote is-layout-flow wp-block-quote-is-layout-flow\"><p>Es sind verwirrende Begriffe die in der J\u00e4gersprache verwendet werden um das Futter und das Essverhalten von Tieren zu beschreiben. Darum hier eine kleine Exkursion zum Thema Haarwild&#8230; <\/p><\/blockquote>\n\n\n\n<h2 class=\"wp-block-heading\">Was ist Haarwild<\/h2>\n\n\n\n<p>Als Haarwild bezeichnet man im Allgemeinen &#8222;dem Jagdrecht unterliegende S\u00e4ugetiere&#8220;&#8230;<\/p>\n\n\n\n<p>Unter Haarwild verstehen wir in diesem Fall alles ausser Raubwild und Schwarzwild.<\/p>\n\n\n\n<p>Im Speziellen interessieren in diesem Artikel das Schalenwild und hiervon die Wiederk\u00e4uenden.<br>Zum Beispiel:<\/p>\n\n\n\n<ul class=\"wp-block-list\"><li>Hirsch<\/li><li><a aria-label=\"Reh (opens in a new tab)\" href=\"https:\/\/jagen.blog\/2018\/10\/02\/waldbewohner-das-reh\/\" target=\"_blank\" rel=\"noreferrer noopener\" class=\"rank-math-link\">Reh<\/a><\/li><\/ul>\n\n\n\n<figure class=\"wp-block-image size-large\"><img data-recalc-dims=\"1\" decoding=\"async\" src=\"https:\/\/i0.wp.com\/www.revier67.ch\/solothurn\/wp-content\/uploads\/2023\/09\/asung.jpg?w=1200&#038;ssl=1\" alt=\"\u00c4sung\" class=\"wp-image-4161\"\/><figcaption>\u00a9 educalingo<\/figcaption><\/figure>\n\n\n\n<h2 class=\"wp-block-heading\">Wie ern\u00e4hrt sich Haarwild<\/h2>\n\n\n\n<h3 class=\"wp-block-heading\">Reh<\/h3>\n\n\n\n<p>Rehe sind sogenannte <a href=\"https:\/\/de.wikipedia.org\/wiki\/Selektierer\" target=\"_blank\" aria-label=\"Konzentrationsselektierer  (opens in a new tab)\" rel=\"noreferrer noopener\" class=\"rank-math-link\">Konzentrationsselektierer <\/a>&#8211; man k\u00f6nnte Sie auch als &#8222;Nascher&#8220; bezeichnen. Der Grund f\u00fcr diese Bezeichnung liegt im relativ kleinen Pansen den das Reh besitzt. Die f\u00fchrt dazu dass das Tier nur kleine Mengen an energiereicher Nahrung wie Bl\u00fcten, Knospen und Kr\u00e4utern zu sich. Daf\u00fcr findet diese Nahrungsaufnahme &#8211; das \u00c4sen &#8211; 10 bis 12 mal am Tag und in der Nacht statt. Dazwischen wird die Nahrung wiedergek\u00e4ut und verdaut.<\/p>\n\n\n\n<h3 class=\"wp-block-heading\">Hirsch<\/h3>\n\n\n\n<p>Der Hirsch ist weniger w\u00e4hlerisch was seine \u00c4sung angeht. Er ist auf Grund seiner Gr\u00f6sse besser in der Lage mehr \u00c4sung beim \u00c4sen aufzunehmen. Ausserdem ist seine Verdauung auch auf gr\u00f6bere Kost wie Eicheln, Buchn\u00fcsse und Kastanien oder sogar trockenes Gras zu verarbeiten. Im Fr\u00fchjahr und Sommer stehen jedoch Knospen und Gras sowie Fr\u00fcchte und Getreide oben auf dem Speisezettel.<\/p>\n\n\n\n<h3 class=\"wp-block-heading\">Mit was wird die Nahrung aufgenommen?<\/h3>\n\n\n\n<p>Es w\u00e4re ja etwas einfach zu sagen mit dem Mund, der Schnauze oder dem Maul&#8230;<\/p>\n\n\n\n<p>Da viele Begriffe in der Jagdsprache alt sind und zum Teil aus dem Mittelhochdeutsch stammen, hat der Begriff des &#8222;\u00c4ser&#8220; seit dem 16 Jahrhundert seinen festen Platz in der Jagdsprache. Er bezeichnet also nichts anders wie das Maul des Tieres das beim \u00c4sen \u00c4sung zu sich nimmt.<\/p>\n\n\n\n<h2 class=\"wp-block-heading\">Kurz und b\u00fcndig<\/h2>\n\n\n\n<figure class=\"wp-block-pullquote is-style-default\"><blockquote><p>Die Aufnahme von Nahrung beim Schalenwild nennt man <strong>\u00c4sen<\/strong>. <\/p><p>Die Nahrung bezeichnet man als <strong>\u00c4sung<\/strong>.<\/p><p>Das Tier frisst mit dem <strong>\u00c4ser<\/strong>.<\/p><\/blockquote><\/figure>\n\n\n\n<p><\/p>\n","protected":false},"excerpt":{"rendered":"<p>Es sind verwirrende Begriffe die in der J\u00e4gersprache verwendet werden um das Futter und das Essverhalten von Tieren zu beschreiben. Darum hier eine kleine Exkursion zum Thema Haarwild&#8230; <\/p>\n","protected":false},"author":6,"featured_media":3070,"comment_status":"open","ping_status":"closed","sticky":false,"template":"","format":"standard","meta":{"ocean_post_layout":"","ocean_both_sidebars_style":"","ocean_both_sidebars_content_width":0,"ocean_both_sidebars_sidebars_width":0,"ocean_sidebar":"","ocean_second_sidebar":"","ocean_disable_margins":"enable","ocean_add_body_class":"","ocean_shortcode_before_top_bar":"","ocean_shortcode_after_top_bar":"","ocean_shortcode_before_header":"","ocean_shortcode_after_header":"","ocean_has_shortcode":"","ocean_shortcode_after_title":"","ocean_shortcode_before_footer_widgets":"","ocean_shortcode_after_footer_widgets":"","ocean_shortcode_before_footer_bottom":"","ocean_shortcode_after_footer_bottom":"","ocean_display_top_bar":"default","ocean_display_header":"default","ocean_header_style":"","ocean_center_header_left_menu":"","ocean_custom_header_template":"","ocean_custom_logo":0,"ocean_custom_retina_logo":0,"ocean_custom_logo_max_width":0,"ocean_custom_logo_tablet_max_width":0,"ocean_custom_logo_mobile_max_width":0,"ocean_custom_logo_max_height":0,"ocean_custom_logo_tablet_max_height":0,"ocean_custom_logo_mobile_max_height":0,"ocean_header_custom_menu":"","ocean_menu_typo_font_family":"","ocean_menu_typo_font_subset":"","ocean_menu_typo_font_size":0,"ocean_menu_typo_font_size_tablet":0,"ocean_menu_typo_font_size_mobile":0,"ocean_menu_typo_font_size_unit":"px","ocean_menu_typo_font_weight":"","ocean_menu_typo_font_weight_tablet":"","ocean_menu_typo_font_weight_mobile":"","ocean_menu_typo_transform":"","ocean_menu_typo_transform_tablet":"","ocean_menu_typo_transform_mobile":"","ocean_menu_typo_line_height":0,"ocean_menu_typo_line_height_tablet":0,"ocean_menu_typo_line_height_mobile":0,"ocean_menu_typo_line_height_unit":"","ocean_menu_typo_spacing":0,"ocean_menu_typo_spacing_tablet":0,"ocean_menu_typo_spacing_mobile":0,"ocean_menu_typo_spacing_unit":"","ocean_menu_link_color":"","ocean_menu_link_color_hover":"","ocean_menu_link_color_active":"","ocean_menu_link_background":"","ocean_menu_link_hover_background":"","ocean_menu_link_active_background":"","ocean_menu_social_links_bg":"","ocean_menu_social_hover_links_bg":"","ocean_menu_social_links_color":"","ocean_menu_social_hover_links_color":"","ocean_disable_title":"default","ocean_disable_heading":"default","ocean_post_title":"","ocean_post_subheading":"","ocean_post_title_style":"","ocean_post_title_background_color":"","ocean_post_title_background":0,"ocean_post_title_bg_image_position":"","ocean_post_title_bg_image_attachment":"","ocean_post_title_bg_image_repeat":"","ocean_post_title_bg_image_size":"","ocean_post_title_height":0,"ocean_post_title_bg_overlay":0.5,"ocean_post_title_bg_overlay_color":"","ocean_disable_breadcrumbs":"default","ocean_breadcrumbs_color":"","ocean_breadcrumbs_separator_color":"","ocean_breadcrumbs_links_color":"","ocean_breadcrumbs_links_hover_color":"","ocean_display_footer_widgets":"default","ocean_display_footer_bottom":"default","ocean_custom_footer_template":"","_jetpack_memberships_contains_paid_content":false,"ocean_post_oembed":"","ocean_post_self_hosted_media":"","ocean_post_video_embed":"","ocean_link_format":"","ocean_link_format_target":"self","ocean_quote_format":"","ocean_quote_format_link":"post","ocean_gallery_link_images":"on","ocean_gallery_id":[],"footnotes":""},"categories":[59,5],"tags":[58,60,61],"class_list":["post-3069","post","type-post","status-publish","format-standard","has-post-thumbnail","hentry","category-info","category-jagd","tag-hirsch","tag-reh","tag-schalenwild","entry","has-media"],"featured_image_urls_v2":{"full":["https:\/\/i0.wp.com\/www.revier67.ch\/solothurn\/wp-content\/uploads\/2023\/09\/DSCN0002-1024x768.jpg?fit=1024%2C768&ssl=1",1024,768,false],"thumbnail":["https:\/\/i0.wp.com\/www.revier67.ch\/solothurn\/wp-content\/uploads\/2023\/09\/DSCN0002-1024x768.jpg?resize=150%2C150&ssl=1",150,150,true],"medium":["https:\/\/i0.wp.com\/www.revier67.ch\/solothurn\/wp-content\/uploads\/2023\/09\/DSCN0002-1024x768.jpg?fit=300%2C225&ssl=1",300,225,true],"medium_large":["https:\/\/i0.wp.com\/www.revier67.ch\/solothurn\/wp-content\/uploads\/2023\/09\/DSCN0002-1024x768.jpg?fit=768%2C576&ssl=1",768,576,true],"large":["https:\/\/i0.wp.com\/www.revier67.ch\/solothurn\/wp-content\/uploads\/2023\/09\/DSCN0002-1024x768.jpg?fit=1024%2C768&ssl=1",1024,768,true],"1536x1536":["https:\/\/i0.wp.com\/www.revier67.ch\/solothurn\/wp-content\/uploads\/2023\/09\/DSCN0002-1024x768.jpg?fit=1024%2C768&ssl=1",1024,768,true],"2048x2048":["https:\/\/i0.wp.com\/www.revier67.ch\/solothurn\/wp-content\/uploads\/2023\/09\/DSCN0002-1024x768.jpg?fit=1024%2C768&ssl=1",1024,768,true],"ocean-thumb-m":["https:\/\/i0.wp.com\/www.revier67.ch\/solothurn\/wp-content\/uploads\/2023\/09\/DSCN0002-1024x768.jpg?resize=600%2C600&ssl=1",600,600,true],"ocean-thumb-ml":["https:\/\/i0.wp.com\/www.revier67.ch\/solothurn\/wp-content\/uploads\/2023\/09\/DSCN0002-1024x768.jpg?resize=800%2C450&ssl=1",800,450,true],"ocean-thumb-l":["https:\/\/i0.wp.com\/www.revier67.ch\/solothurn\/wp-content\/uploads\/2023\/09\/DSCN0002-1024x768.jpg?resize=1024%2C700&ssl=1",1024,700,true]},"post_excerpt_stackable_v2":"<p>Es sind verwirrende Begriffe die in der J\u00e4gersprache verwendet werden um das Futter und das Essverhalten von Tieren zu beschreiben. Darum hier eine kleine Exkursion zum Thema Haarwild&#8230; <\/p>\n","category_list_v2":"<a href=\"https:\/\/www.revier67.ch\/solothurn\/category\/info\/\" rel=\"category tag\">Info<\/a>, <a href=\"https:\/\/www.revier67.ch\/solothurn\/category\/jagd\/\" rel=\"category tag\">Jagd<\/a>","author_info_v2":{"name":"Peter Treier","url":"https:\/\/www.revier67.ch\/solothurn\/author\/peter-treier\/"},"comments_num_v2":"0 comments","jetpack_featured_media_url":"https:\/\/i0.wp.com\/www.revier67.ch\/solothurn\/wp-content\/uploads\/2023\/09\/DSCN0002-1024x768.jpg?fit=1024%2C768&ssl=1","jetpack_sharing_enabled":true,"_links":{"self":[{"href":"https:\/\/www.revier67.ch\/solothurn\/wp-json\/wp\/v2\/posts\/3069","targetHints":{"allow":["GET"]}}],"collection":[{"href":"https:\/\/www.revier67.ch\/solothurn\/wp-json\/wp\/v2\/posts"}],"about":[{"href":"https:\/\/www.revier67.ch\/solothurn\/wp-json\/wp\/v2\/types\/post"}],"author":[{"embeddable":true,"href":"https:\/\/www.revier67.ch\/solothurn\/wp-json\/wp\/v2\/users\/6"}],"replies":[{"embeddable":true,"href":"https:\/\/www.revier67.ch\/solothurn\/wp-json\/wp\/v2\/comments?post=3069"}],"version-history":[{"count":0,"href":"https:\/\/www.revier67.ch\/solothurn\/wp-json\/wp\/v2\/posts\/3069\/revisions"}],"wp:featuredmedia":[{"embeddable":true,"href":"https:\/\/www.revier67.ch\/solothurn\/wp-json\/wp\/v2\/media\/3070"}],"wp:attachment":[{"href":"https:\/\/www.revier67.ch\/solothurn\/wp-json\/wp\/v2\/media?parent=3069"}],"wp:term":[{"taxonomy":"category","embeddable":true,"href":"https:\/\/www.revier67.ch\/solothurn\/wp-json\/wp\/v2\/categories?post=3069"},{"taxonomy":"post_tag","embeddable":true,"href":"https:\/\/www.revier67.ch\/solothurn\/wp-json\/wp\/v2\/tags?post=3069"}],"curies":[{"name":"wp","href":"https:\/\/api.w.org\/{rel}","templated":true}]}}