{"id":3095,"date":"2019-07-09T18:35:11","date_gmt":"2019-07-09T16:35:11","guid":{"rendered":"https:\/\/jagen.blog\/?p=3095"},"modified":"2019-07-09T18:35:11","modified_gmt":"2019-07-09T16:35:11","slug":"biodiversitaet-wenig-ist-schon-mal-ein-anfang","status":"publish","type":"post","link":"https:\/\/www.revier67.ch\/solothurn\/biodiversitaet-wenig-ist-schon-mal-ein-anfang\/","title":{"rendered":"Biodiversit\u00e4t &#8211; wenig ist schon mal ein Anfang&#8230;"},"content":{"rendered":"\n<blockquote class=\"wp-block-quote is-layout-flow wp-block-quote-is-layout-flow\"><p>Man kann den Begriff Biodiversit\u00e4t mit sechs Worten definieren : <br><strong>Biodiversit\u00e4t ist die Vielfalt des Lebens<\/strong>.<\/p><\/blockquote>\n\n\n\n<h2 class=\"wp-block-heading\">Sch\u00f6ne Aussicht<\/h2>\n\n\n\n<p>Der Grund warum dieser Artikel entstanden ist, liegt in einem Mittagsspaziergang mit Lilo. Wir sind wie schon so oft in der <a rel=\"noreferrer noopener\" aria-label=\"Ermitage (\u00f6ffnet in neuem Tab)\" href=\"https:\/\/ermitage-arlesheim.ch\/\" target=\"_blank\">Ermitage<\/a> bei Arlesheim unterwegs. Ein Ort den ich nur jedem Empfehlen kann!<\/p>\n\n\n\n<p>Auf H\u00f6he des Wetzstapfel &#8211; also am hinteren Ende der Ermitage, konnte ich folgendes festhalten:<\/p>\n\n\n\n<figure class=\"wp-block-gallery columns-2 is-cropped wp-block-gallery-1 is-layout-flex wp-block-gallery-is-layout-flex\"><ul class=\"blocks-gallery-grid\"><li class=\"blocks-gallery-item\"><figure><img data-recalc-dims=\"1\" height=\"768\" width=\"1024\" decoding=\"async\" src=\"https:\/\/i0.wp.com\/www.revier67.ch\/solothurn\/wp-content\/uploads\/2023\/09\/DSCN0002-1024x768.jpg?resize=1024%2C768&#038;ssl=1\" alt=\"Biodiversit\u00e4t \" data-id=\"2585\" data-full-url=\"https:\/\/jagen.blog\/wp-content\/uploads\/2019\/05\/DSCN0002.jpg\" data-link=\"https:\/\/jagen.blog\/?attachment_id=2585\" class=\"wp-image-2585\"\/><figcaption class=\"blocks-gallery-item__caption\">Feld im  Wetzstapfel  <\/figcaption><\/figure><\/li><li class=\"blocks-gallery-item\"><figure><img data-recalc-dims=\"1\" decoding=\"async\" src=\"https:\/\/i0.wp.com\/www.revier67.ch\/solothurn\/wp-content\/uploads\/2023\/09\/IMG_0465.jpg?w=1200&#038;ssl=1\" alt=\"\" data-id=\"3103\" data-link=\"https:\/\/jagen.blog\/?attachment_id=3103\" class=\"wp-image-3103\"\/><figcaption class=\"blocks-gallery-item__caption\"> Feld im  Wetzstapfel   <\/figcaption><\/figure><\/li><\/ul><\/figure>\n\n\n\n<p>Interessant ist nicht das was weg ist, das Gute ist das was noch steht!<\/p>\n\n\n\n<p>Der Bauer hat hier das absolut Richtige getan, das Feld wurde sicher nach einer <a rel=\"noreferrer noopener\" aria-label=\"Rehkitz-Suche (\u00f6ffnet in neuem Tab)\" href=\"https:\/\/jagen.blog\/2018\/10\/03\/rehkitzrettung\/\" target=\"_blank\">Rehkitz-Suche<\/a> fachgerecht gem\u00e4ht. Aber es wurden Streifen stehen gelassen in denen sich Klein- und  Kleinstlebewesen aufhalten k\u00f6nnen.<br>Es wundert in diesem Fall nicht besonders, die Ermitage ist ein Naturschutzgebiet und wird Fachgerecht betreut&#8230;<\/p>\n\n\n\n<h2 class=\"wp-block-heading\">Was ist &#8222;Biodiversit\u00e4t&#8220; eigentlich?<\/h2>\n\n\n\n<p>Nun, Biodiversit\u00e4t beschreibt die Vielfalt des Lebens &#8211; nicht mehr aber auch nicht weniger.<\/p>\n\n\n\n<p>Diese Vielfalt l\u00e4sst sich auf drei Ebenen beschreiben:<\/p>\n\n\n\n<ul class=\"wp-block-list\"><li> Vielfalt der <strong>\u00d6kosysteme<\/strong> (Lebensr\u00e4ume wie Wasser, Wald, Alpiner Raum) <\/li><li> Vielfalt der <strong>Arten<\/strong> (Tiere, Pflanzen, Pilze, Mikroorganismen) <\/li><li> Vielfalt der <strong>Gene<\/strong> (Rassen oder Sorten von wildlebenden und genutzten Arten)  <\/li><\/ul>\n\n\n\n<p>Als vierte Ebene wird als &#8222;funktionelle Biodiversit\u00e4t&#8220; die Vielfalt der Wechselbeziehungen innerhalb und zwischen den oben genannten drei Ebenen betrachtet.<\/p>\n\n\n\n<h2 class=\"wp-block-heading\">Mehr wie nur ein Wort<\/h2>\n\n\n\n<p>Biodiversit\u00e4t ist nicht nur ein Wort! Biodiversit\u00e4t ist ein Begriff der im V\u00f6lkerrecht verankert ist, in einem Kontext der f\u00fcr unser Land eigentlich bindend ist&#8230;<\/p>\n\n\n\n<p>Im Originaltext der Konvention \u00fcber biologische Vielfalt CBD (Artikel 2:  Begriffsbestimmung) bedeutet biologische Vielfalt (oder kurz:  Biodiversit\u00e4t):  <\/p>\n\n\n\n<blockquote class=\"wp-block-quote is-layout-flow wp-block-quote-is-layout-flow\"><p> die Variabilit\u00e4t unter lebenden Organismen jeglicher Herkunft,  darunter unter anderem Land-, Meeres- und sonstige aquatische \u00d6kosysteme  und die \u00f6kologischen Komplexe, zu denen sie geh\u00f6ren. Dies umfasst die  Vielfalt  innerhalb der Arten und zwischen den Arten und die Vielfalt der \u00d6kosysteme.  die Variabilit\u00e4t unter lebenden Organismen jeglicher Herkunft,  darunter unter anderem Land-, Meeres- und sonstige aquatische \u00d6kosysteme  und die \u00f6kologischen Komplexe, zu denen sie geh\u00f6ren. Dies umfasst die  Vielfalt  <\/p><\/blockquote>\n\n\n\n<p>Es ist dieses Netz, das zutage tritt, wenn man \nbeispielsweise komplexe Nahrungsketten untersucht, angefangen bei der \nPhotosynthese \u00fcber Pflanzenfresser bis zu hoch spezialisierten \nRaubtieren.\n<\/p>\n\n\n\n<p>\u00d6kosysteme bieten <strong>Lebensr\u00e4ume<\/strong> f\u00fcr Tausende \noder gar Millionen von Pflanzen- und Tierarten, Pilzen und \nMikroorganismen. Aus Sicht des Menschen erbringen die \u00d6kosysteme \nexistenzielle Leistungen. So entsteht etwa aus Niederschl\u00e4gen w\u00e4hrend \ndem Versickern durch den Waldboden Trinkwasser; Bodenorganismen erhalten\n die Fruchtbarkeit f\u00fcr den Anbau von Nahrungsmitteln. In Zahlen \nausgedr\u00fcckt generieren die \u00d6kosysteme der Erde nach einer Sch\u00e4tzung \nj\u00e4hrlich den \u00f6konomischen Wert von 16\u2018000 bis 54\u2018000 Milliarden Dollar.\n<\/p>\n\n\n\n<p><strong>Arten<\/strong> sind die lebenden Bausteine der \n\u00d6kosysteme. Manch eine Art kann unbemerkt verschwinden, ohne dass das \nNetz des Lebens seine Tragf\u00e4higkeit verliert, weil beispielsweise \n\u00e4hnliche Arten einspringen und die gleiche <strong>Funktion<\/strong> \u00fcbernehmen. \nWenn jedoch bestimmte Schl\u00fcsselarten verloren gehen, werden ganze System\n instabil. Der Lebensraum ver\u00e4ndert sich auch f\u00fcr andere Organismen und \nlebenswichtige Leistungen k\u00f6nnen versiegen. Solche Wechselwirkungen sind\n in \u00d6kosystemen sehr vielf\u00e4ltig und schwierig vorauszusagen. Die genaue \nBeobachtung der <strong>Artenvielfalt<\/strong> kann jedoch wichtige Hinweise zum Zustand der \u00d6kosysteme geben.\n<\/p>\n\n\n\n<p>Arten verschwinden nicht von einem Tag auf den \nanderen. Ihr R\u00fcckgang ist meist ein allm\u00e4hlicher Vorgang. So stehen \nmanche Arten Jahrzehntelang auf Roten Listen. Die <strong>Populationen<\/strong> solcher Arten sind meistens klein und isoliert. Inzucht kann ihre Vermehrung in Frage stellen, weil die <strong>genetische Vielfalt<\/strong> anderer, r\u00e4umlich vernetzter Populationen fehlt.\n<\/p>\n\n\n\n<p>Auch die<strong> Reaktionsf\u00e4higkeit<\/strong> der \u00d6kosysteme \nauf Extremsituationen \u2013 z.B. D\u00fcrren oder Krankheitsausbr\u00fcche \u2013 kann \ndurch den Mangel genetischer Vielfalt eingeschr\u00e4nkt sein: Innerhalb ein \nund derselben Art gibt es n\u00e4mlich immer wieder Individuen, die solche \nExtremereignisse besser tolerieren und somit die Gesamtwirkung d\u00e4mpfen \nk\u00f6nnten, wenn die Population gen\u00fcgend gross und vielf\u00e4ltig ist.\n<\/p>\n\n\n\n<p>Die<strong> drei Ebenen der Biodiversit\u00e4t <\/strong>sind eng  miteinander verkn\u00fcpft. Die Arten brauchen zum \u00dcberleben \u00d6kosysteme mit  geeigneten Lebensr\u00e4umen sowie ausreichende genetische Variabilit\u00e4t. Ein  \u00d6kosystem seinerseits funktioniert nur dank dem Artenspektrum, das es  beherbergt. Eine gute Vernetzung zwischen Lebensr\u00e4umen wiederum ist  Voraussetzung f\u00fcr das Aufrechterhalten der genetischen Vielfalt.<\/p>\n\n\n\n<h2 class=\"wp-block-heading\">Und die Schweiz?<\/h2>\n\n\n\n<p>Wir haben ja eine Bundesverwaltung \ud83d\ude42<br>Auf einer sehr informativen Webseite beim <a href=\"https:\/\/www.bafu.admin.ch\/bafu\/de\/home.html\" target=\"_blank\" aria-label=\" (opens in a new tab)\" rel=\"noreferrer noopener\" class=\"rank-math-link\">BAFU <\/a>ist festgehalten, wie die Biodiversit\u00e4t in der Schweiz gef\u00f6rdert werden soll:<\/p>\n\n\n\n<ul class=\"wp-block-list\"><li><a rel=\"noreferrer noopener\" aria-label=\"Aktionsplan  (\u00f6ffnet in neuem Tab)\" href=\"https:\/\/www.bafu.admin.ch\/bafu\/de\/home\/themen\/biodiversitaet.html\" target=\"_blank\">Aktionsplan <\/a><\/li><li><a rel=\"noreferrer noopener\" aria-label=\"Zustand Biodiversit\u00e4t (\u00f6ffnet in neuem Tab)\" href=\"https:\/\/www.bafu.admin.ch\/bafu\/de\/home\/themen\/biodiversitaet\/fachinformationen\/zustand-der-biodiversitaet-in-der-schweiz.html\" target=\"_blank\">Zustand Biodiversit\u00e4t<\/a><\/li><li><a rel=\"noreferrer noopener\" aria-label=\" (\u00f6ffnet in neuem Tab)\" href=\"https:\/\/www.bafu.admin.ch\/bafu\/de\/home\/themen\/biodiversitaet\/fachinformationen\/massnahmen-zur-erhaltung-und-foerderung-der-biodiversitaet\/erhaltung-und-foerderung-von-arten.html\" target=\"_blank\">Artenf\u00f6rderung<\/a><\/li><li><a rel=\"noreferrer noopener\" aria-label=\" (\u00f6ffnet in neuem Tab)\" href=\"https:\/\/www.bafu.admin.ch\/bafu\/de\/home\/themen\/biodiversitaet\/fachinformationen\/massnahmen-zur-erhaltung-und-foerderung-der-biodiversitaet\/erhaltung-und-foerderung-von-arten\/invasive-gebietsfremde-arten.html\" target=\"_blank\">Invasive Arten<\/a><\/li><li><a rel=\"noreferrer noopener\" aria-label=\"Wildtiere und Jagd (\u00f6ffnet in neuem Tab)\" href=\"https:\/\/www.bafu.admin.ch\/bafu\/de\/home\/themen\/biodiversitaet\/fachinformationen\/massnahmen-zur-erhaltung-und-foerderung-der-biodiversitaet\/nachhaltige-nutzung-der-biodiversitaet\/jagd.html\" target=\"_blank\">Wildtiere und Jagd<\/a><\/li><li><a rel=\"noreferrer noopener\" aria-label=\"Lebensraum Gew\u00e4sser und Fischerei (\u00f6ffnet in neuem Tab)\" href=\"https:\/\/www.bafu.admin.ch\/bafu\/de\/home\/themen\/biodiversitaet\/fachinformationen\/massnahmen-zur-erhaltung-und-foerderung-der-biodiversitaet\/nachhaltige-nutzung-der-biodiversitaet\/fischerei.html\" target=\"_blank\">Lebensraum Gew\u00e4sser und Fischerei<\/a><\/li><li><a href=\"https:\/\/www.bafu.admin.ch\/bafu\/de\/home\/themen\/biodiversitaet\/fachinformationen\/massnahmen-zur-erhaltung-und-foerderung-der-biodiversitaet\/oekologische-infrastruktur.html\" target=\"_blank\" rel=\"noreferrer noopener\" aria-label=\"\u00d6kologische Infrastruktur (\u00f6ffnet in neuem Tab)\">\u00d6kologische Infrastruktur<\/a><\/li><\/ul>\n\n\n\n<p>Themen die zum Teil tief in die Zukunft reichen. Sehr interessant sich dies anzusehen&#8230;<\/p>\n\n\n\n<p><\/p>\n","protected":false},"excerpt":{"rendered":"<p>Man kann den Begriff Biodiversit\u00e4t mit sechs Worten definieren :<br \/>\nBiodiversit\u00e4t ist die Vielfalt des Lebens.<\/p>\n","protected":false},"author":6,"featured_media":3097,"comment_status":"open","ping_status":"closed","sticky":false,"template":"","format":"standard","meta":{"ocean_post_layout":"","ocean_both_sidebars_style":"","ocean_both_sidebars_content_width":0,"ocean_both_sidebars_sidebars_width":0,"ocean_sidebar":"","ocean_second_sidebar":"","ocean_disable_margins":"enable","ocean_add_body_class":"","ocean_shortcode_before_top_bar":"","ocean_shortcode_after_top_bar":"","ocean_shortcode_before_header":"","ocean_shortcode_after_header":"","ocean_has_shortcode":"","ocean_shortcode_after_title":"","ocean_shortcode_before_footer_widgets":"","ocean_shortcode_after_footer_widgets":"","ocean_shortcode_before_footer_bottom":"","ocean_shortcode_after_footer_bottom":"","ocean_display_top_bar":"default","ocean_display_header":"default","ocean_header_style":"","ocean_center_header_left_menu":"","ocean_custom_header_template":"","ocean_custom_logo":0,"ocean_custom_retina_logo":0,"ocean_custom_logo_max_width":0,"ocean_custom_logo_tablet_max_width":0,"ocean_custom_logo_mobile_max_width":0,"ocean_custom_logo_max_height":0,"ocean_custom_logo_tablet_max_height":0,"ocean_custom_logo_mobile_max_height":0,"ocean_header_custom_menu":"","ocean_menu_typo_font_family":"","ocean_menu_typo_font_subset":"","ocean_menu_typo_font_size":0,"ocean_menu_typo_font_size_tablet":0,"ocean_menu_typo_font_size_mobile":0,"ocean_menu_typo_font_size_unit":"px","ocean_menu_typo_font_weight":"","ocean_menu_typo_font_weight_tablet":"","ocean_menu_typo_font_weight_mobile":"","ocean_menu_typo_transform":"","ocean_menu_typo_transform_tablet":"","ocean_menu_typo_transform_mobile":"","ocean_menu_typo_line_height":0,"ocean_menu_typo_line_height_tablet":0,"ocean_menu_typo_line_height_mobile":0,"ocean_menu_typo_line_height_unit":"","ocean_menu_typo_spacing":0,"ocean_menu_typo_spacing_tablet":0,"ocean_menu_typo_spacing_mobile":0,"ocean_menu_typo_spacing_unit":"","ocean_menu_link_color":"","ocean_menu_link_color_hover":"","ocean_menu_link_color_active":"","ocean_menu_link_background":"","ocean_menu_link_hover_background":"","ocean_menu_link_active_background":"","ocean_menu_social_links_bg":"","ocean_menu_social_hover_links_bg":"","ocean_menu_social_links_color":"","ocean_menu_social_hover_links_color":"","ocean_disable_title":"default","ocean_disable_heading":"default","ocean_post_title":"","ocean_post_subheading":"","ocean_post_title_style":"","ocean_post_title_background_color":"","ocean_post_title_background":0,"ocean_post_title_bg_image_position":"","ocean_post_title_bg_image_attachment":"","ocean_post_title_bg_image_repeat":"","ocean_post_title_bg_image_size":"","ocean_post_title_height":0,"ocean_post_title_bg_overlay":0.5,"ocean_post_title_bg_overlay_color":"","ocean_disable_breadcrumbs":"default","ocean_breadcrumbs_color":"","ocean_breadcrumbs_separator_color":"","ocean_breadcrumbs_links_color":"","ocean_breadcrumbs_links_hover_color":"","ocean_display_footer_widgets":"default","ocean_display_footer_bottom":"default","ocean_custom_footer_template":"","_jetpack_memberships_contains_paid_content":false,"ocean_post_oembed":"","ocean_post_self_hosted_media":"","ocean_post_video_embed":"","ocean_link_format":"","ocean_link_format_target":"self","ocean_quote_format":"","ocean_quote_format_link":"post","ocean_gallery_link_images":"on","ocean_gallery_id":[],"footnotes":""},"categories":[64,66],"tags":[62,63,65,14],"class_list":["post-3095","post","type-post","status-publish","format-standard","has-post-thumbnail","hentry","category-naturschutz","category-im-wald","tag-leben","tag-natur","tag-tierschutz","tag-wald","entry","has-media"],"featured_image_urls_v2":{"full":["https:\/\/i0.wp.com\/www.revier67.ch\/solothurn\/wp-content\/uploads\/2023\/09\/Indisches-Springkraut-1.jpg?fit=1024%2C576&ssl=1",1024,576,false],"thumbnail":["https:\/\/i0.wp.com\/www.revier67.ch\/solothurn\/wp-content\/uploads\/2023\/09\/Indisches-Springkraut-1.jpg?resize=150%2C150&ssl=1",150,150,true],"medium":["https:\/\/i0.wp.com\/www.revier67.ch\/solothurn\/wp-content\/uploads\/2023\/09\/Indisches-Springkraut-1.jpg?fit=300%2C169&ssl=1",300,169,true],"medium_large":["https:\/\/i0.wp.com\/www.revier67.ch\/solothurn\/wp-content\/uploads\/2023\/09\/Indisches-Springkraut-1.jpg?fit=768%2C432&ssl=1",768,432,true],"large":["https:\/\/i0.wp.com\/www.revier67.ch\/solothurn\/wp-content\/uploads\/2023\/09\/Indisches-Springkraut-1.jpg?fit=1024%2C576&ssl=1",1024,576,true],"1536x1536":["https:\/\/i0.wp.com\/www.revier67.ch\/solothurn\/wp-content\/uploads\/2023\/09\/Indisches-Springkraut-1.jpg?fit=1024%2C576&ssl=1",1024,576,true],"2048x2048":["https:\/\/i0.wp.com\/www.revier67.ch\/solothurn\/wp-content\/uploads\/2023\/09\/Indisches-Springkraut-1.jpg?fit=1024%2C576&ssl=1",1024,576,true],"ocean-thumb-m":["https:\/\/i0.wp.com\/www.revier67.ch\/solothurn\/wp-content\/uploads\/2023\/09\/Indisches-Springkraut-1.jpg?resize=600%2C576&ssl=1",600,576,true],"ocean-thumb-ml":["https:\/\/i0.wp.com\/www.revier67.ch\/solothurn\/wp-content\/uploads\/2023\/09\/Indisches-Springkraut-1.jpg?resize=800%2C450&ssl=1",800,450,true],"ocean-thumb-l":["https:\/\/i0.wp.com\/www.revier67.ch\/solothurn\/wp-content\/uploads\/2023\/09\/Indisches-Springkraut-1.jpg?resize=1024%2C576&ssl=1",1024,576,true]},"post_excerpt_stackable_v2":"<p>Man kann den Begriff Biodiversit\u00e4t mit sechs Worten definieren :<br \/>\nBiodiversit\u00e4t ist die Vielfalt des Lebens.<\/p>\n","category_list_v2":"<a href=\"https:\/\/www.revier67.ch\/solothurn\/category\/naturschutz\/\" rel=\"category tag\">Naturschutz<\/a>, <a href=\"https:\/\/www.revier67.ch\/solothurn\/category\/im-wald\/\" rel=\"category tag\">Wald<\/a>","author_info_v2":{"name":"Peter Treier","url":"https:\/\/www.revier67.ch\/solothurn\/author\/peter-treier\/"},"comments_num_v2":"0 comments","jetpack_featured_media_url":"https:\/\/i0.wp.com\/www.revier67.ch\/solothurn\/wp-content\/uploads\/2023\/09\/Indisches-Springkraut-1.jpg?fit=1024%2C576&ssl=1","jetpack_sharing_enabled":true,"_links":{"self":[{"href":"https:\/\/www.revier67.ch\/solothurn\/wp-json\/wp\/v2\/posts\/3095","targetHints":{"allow":["GET"]}}],"collection":[{"href":"https:\/\/www.revier67.ch\/solothurn\/wp-json\/wp\/v2\/posts"}],"about":[{"href":"https:\/\/www.revier67.ch\/solothurn\/wp-json\/wp\/v2\/types\/post"}],"author":[{"embeddable":true,"href":"https:\/\/www.revier67.ch\/solothurn\/wp-json\/wp\/v2\/users\/6"}],"replies":[{"embeddable":true,"href":"https:\/\/www.revier67.ch\/solothurn\/wp-json\/wp\/v2\/comments?post=3095"}],"version-history":[{"count":0,"href":"https:\/\/www.revier67.ch\/solothurn\/wp-json\/wp\/v2\/posts\/3095\/revisions"}],"wp:featuredmedia":[{"embeddable":true,"href":"https:\/\/www.revier67.ch\/solothurn\/wp-json\/wp\/v2\/media\/3097"}],"wp:attachment":[{"href":"https:\/\/www.revier67.ch\/solothurn\/wp-json\/wp\/v2\/media?parent=3095"}],"wp:term":[{"taxonomy":"category","embeddable":true,"href":"https:\/\/www.revier67.ch\/solothurn\/wp-json\/wp\/v2\/categories?post=3095"},{"taxonomy":"post_tag","embeddable":true,"href":"https:\/\/www.revier67.ch\/solothurn\/wp-json\/wp\/v2\/tags?post=3095"}],"curies":[{"name":"wp","href":"https:\/\/api.w.org\/{rel}","templated":true}]}}