{"id":646,"date":"2021-06-16T13:44:36","date_gmt":"2021-06-16T13:44:36","guid":{"rendered":"https:\/\/www.revier67.ch\/solothurn\/?p=646"},"modified":"2021-06-16T15:01:30","modified_gmt":"2021-06-16T15:01:30","slug":"unser-wild","status":"publish","type":"post","link":"https:\/\/www.revier67.ch\/solothurn\/unser-wild\/","title":{"rendered":"Unser Wild"},"content":{"rendered":"\n<p>Wir m\u00f6chten Ihnen unsere Heimische Tierwelt &#8211; das Wild das in unseren W\u00e4ldern lebt &#8211; etwas n\u00e4her bringen. Aus diesem Grund haben wir zu unseren aktuellen und zuk\u00fcnftigen Waldbewohnern je ein Dossier erstellt. Nehmen Sie sich doch einmal die Zeit ein paar spannende Details \u00fcber<\/p>\n\n\n\n<ul class=\"wp-block-list\"><li><a href=\"https:\/\/www.revier67.ch\/solothurn\/jagd\/unser-wild\/dachs\/\" data-type=\"page\" data-id=\"357\">Dachs<\/a><\/li><li><a href=\"https:\/\/www.revier67.ch\/solothurn\/jagd\/unser-wild\/https-www-revier67-ch-solothurn-page-id413\/\" data-type=\"page\" data-id=\"413\">Fuchs<\/a><\/li><li><a href=\"https:\/\/www.revier67.ch\/solothurn\/jagd\/unser-wild\/das-reh\/\" data-type=\"page\" data-id=\"427\">Reh<\/a><\/li><li><a href=\"https:\/\/www.revier67.ch\/solothurn\/jagd\/unser-wild\/die-gams\/\" data-type=\"page\" data-id=\"504\">Gams<\/a><\/li><li><a href=\"https:\/\/www.revier67.ch\/solothurn\/das-wildschwein\/\" data-type=\"page\" data-id=\"448\">Wildschwein<\/a><\/li><li><a href=\"https:\/\/www.revier67.ch\/solothurn\/jagd\/unser-wild\/https-www-revier67-ch-solothurn-jagd-unser-wild-der-luchs\/\" data-type=\"page\" data-id=\"464\">Luchs<\/a><\/li><li><a href=\"https:\/\/www.revier67.ch\/solothurn\/jagd\/unser-wild\/https-www-revier67-ch-solothurn-der-rothirsch\/\" data-type=\"page\" data-id=\"525\">Rothirsch<\/a><\/li><li><a href=\"https:\/\/www.revier67.ch\/solothurn\/der-wolf\/\" data-type=\"page\" data-id=\"531\">Wolf<\/a><\/li><\/ul>\n\n\n\n<p>Zu erfahren&#8230;<\/p>\n\n\n<div id=\"metaslider-id-654\" style=\"max-width: 700px; margin: 0 auto;\" class=\"ml-slider-3-108-0 metaslider metaslider-nivo metaslider-654 ml-slider has-dots-nav ms-theme-default\" role=\"region\" aria-label=\"Neue Slideshow\" data-height=\"300\" data-width=\"700\">\n    <div id=\"metaslider_container_654\">\n        <div class='slider-wrapper theme-default'><div class='ribbon'><\/div><div id='metaslider_654' class='nivoSlider'><img data-recalc-dims=\"1\" fetchpriority=\"high\" decoding=\"async\" src=\"https:\/\/i0.wp.com\/www.revier67.ch\/solothurn\/wp-content\/uploads\/2021\/05\/Title.jpg?resize=700%2C300&#038;ssl=1\" height=\"300\" width=\"700\" data-caption=\"Dachs\" title=\"Dachs\" alt=\"Dachs\" class=\"slider-654 slide-655 msDefaultImage\" \/><img data-recalc-dims=\"1\" decoding=\"async\" src=\"https:\/\/i0.wp.com\/www.revier67.ch\/solothurn\/wp-content\/uploads\/2021\/05\/Titel.jpg?resize=700%2C300&#038;ssl=1\" height=\"300\" width=\"700\" data-caption=\"Fuchs\" title=\"Fuchs\" alt=\"Fuchs\" class=\"slider-654 slide-656 msDefaultImage\" \/><img data-recalc-dims=\"1\" decoding=\"async\" src=\"https:\/\/i0.wp.com\/www.revier67.ch\/solothurn\/wp-content\/uploads\/2021\/05\/reh_Titel.jpg?resize=700%2C300&#038;ssl=1\" height=\"300\" width=\"700\" data-caption=\"Reh\" title=\"Reh\" alt=\"Reh\" class=\"slider-654 slide-657 msDefaultImage\" \/><img data-recalc-dims=\"1\" loading=\"lazy\" decoding=\"async\" src=\"https:\/\/i0.wp.com\/www.revier67.ch\/solothurn\/wp-content\/uploads\/2021\/05\/Titel-1.jpg?resize=700%2C300&#038;ssl=1\" height=\"300\" width=\"700\" data-caption=\"Luchs\" title=\"Luchs\" alt=\"Luchs\" class=\"slider-654 slide-658 msDefaultImage\" \/><img data-recalc-dims=\"1\" loading=\"lazy\" decoding=\"async\" src=\"https:\/\/i0.wp.com\/www.revier67.ch\/solothurn\/wp-content\/uploads\/2021\/05\/Hirsch_Titelbild.jpg?resize=700%2C300&#038;ssl=1\" height=\"300\" width=\"700\" data-caption=\"Rothirsch\" title=\"Rothirsch\" alt=\"Rothirsch\" class=\"slider-654 slide-659 msDefaultImage\" \/><img data-recalc-dims=\"1\" loading=\"lazy\" decoding=\"async\" src=\"https:\/\/i0.wp.com\/www.revier67.ch\/solothurn\/wp-content\/uploads\/2021\/05\/Titel-2.jpg?resize=700%2C300&#038;ssl=1\" height=\"300\" width=\"700\" data-caption=\"Wolf\" title=\"Wolf\" alt=\"Wolf\" class=\"slider-654 slide-660 msDefaultImage\" \/><img data-recalc-dims=\"1\" loading=\"lazy\" decoding=\"async\" src=\"https:\/\/i0.wp.com\/www.revier67.ch\/solothurn\/wp-content\/uploads\/2021\/05\/Title-1.jpg?resize=700%2C300&#038;ssl=1\" height=\"300\" width=\"700\" data-caption=\"Gams\" title=\"Gams\" alt=\"Gams\" class=\"slider-654 slide-661 msDefaultImage\" \/><img data-recalc-dims=\"1\" loading=\"lazy\" decoding=\"async\" src=\"https:\/\/i0.wp.com\/www.revier67.ch\/solothurn\/wp-content\/uploads\/2021\/05\/Wildschein-Title.jpg?resize=700%2C300&#038;ssl=1\" height=\"300\" width=\"700\" data-caption=\"Wildschwein\" title=\"Wildschwein\" alt=\"Wildschwein\" class=\"slider-654 slide-662 msDefaultImage\" \/><\/div><\/div>\n        \n    <\/div>\n<\/div>\n","protected":false},"excerpt":{"rendered":"<p>Wir m\u00f6chten Ihnen unsere Heimische Tierwelt &#8211; das Wild das in unseren W\u00e4ldern lebt &#8211; etwas n\u00e4her bringen. Aus diesem Grund haben wir zu unseren aktuellen und zuk\u00fcnftigen Waldbewohnern je ein Dossier erstellt. Nehmen Sie sich doch einmal die Zeit ein paar spannende Details \u00fcber<\/p>\n","protected":false},"author":6,"featured_media":395,"comment_status":"closed","ping_status":"closed","sticky":false,"template":"elementor_theme","format":"standard","meta":{"ocean_post_layout":"","ocean_both_sidebars_style":"","ocean_both_sidebars_content_width":0,"ocean_both_sidebars_sidebars_width":0,"ocean_sidebar":"0","ocean_second_sidebar":"0","ocean_disable_margins":"enable","ocean_add_body_class":"","ocean_shortcode_before_top_bar":"","ocean_shortcode_after_top_bar":"","ocean_shortcode_before_header":"","ocean_shortcode_after_header":"","ocean_has_shortcode":"","ocean_shortcode_after_title":"","ocean_shortcode_before_footer_widgets":"","ocean_shortcode_after_footer_widgets":"","ocean_shortcode_before_footer_bottom":"","ocean_shortcode_after_footer_bottom":"","ocean_display_top_bar":"default","ocean_display_header":"default","ocean_header_style":"","ocean_center_header_left_menu":"0","ocean_custom_header_template":"0","ocean_custom_logo":0,"ocean_custom_retina_logo":0,"ocean_custom_logo_max_width":0,"ocean_custom_logo_tablet_max_width":0,"ocean_custom_logo_mobile_max_width":0,"ocean_custom_logo_max_height":0,"ocean_custom_logo_tablet_max_height":0,"ocean_custom_logo_mobile_max_height":0,"ocean_header_custom_menu":"0","ocean_menu_typo_font_family":"0","ocean_menu_typo_font_subset":"","ocean_menu_typo_font_size":0,"ocean_menu_typo_font_size_tablet":0,"ocean_menu_typo_font_size_mobile":0,"ocean_menu_typo_font_size_unit":"px","ocean_menu_typo_font_weight":"","ocean_menu_typo_font_weight_tablet":"","ocean_menu_typo_font_weight_mobile":"","ocean_menu_typo_transform":"","ocean_menu_typo_transform_tablet":"","ocean_menu_typo_transform_mobile":"","ocean_menu_typo_line_height":0,"ocean_menu_typo_line_height_tablet":0,"ocean_menu_typo_line_height_mobile":0,"ocean_menu_typo_line_height_unit":"","ocean_menu_typo_spacing":0,"ocean_menu_typo_spacing_tablet":0,"ocean_menu_typo_spacing_mobile":0,"ocean_menu_typo_spacing_unit":"","ocean_menu_link_color":"","ocean_menu_link_color_hover":"","ocean_menu_link_color_active":"","ocean_menu_link_background":"","ocean_menu_link_hover_background":"","ocean_menu_link_active_background":"","ocean_menu_social_links_bg":"","ocean_menu_social_hover_links_bg":"","ocean_menu_social_links_color":"","ocean_menu_social_hover_links_color":"","ocean_disable_title":"default","ocean_disable_heading":"default","ocean_post_title":"","ocean_post_subheading":"","ocean_post_title_style":"","ocean_post_title_background_color":"","ocean_post_title_background":0,"ocean_post_title_bg_image_position":"","ocean_post_title_bg_image_attachment":"","ocean_post_title_bg_image_repeat":"","ocean_post_title_bg_image_size":"","ocean_post_title_height":0,"ocean_post_title_bg_overlay":0.5,"ocean_post_title_bg_overlay_color":"","ocean_disable_breadcrumbs":"default","ocean_breadcrumbs_color":"","ocean_breadcrumbs_separator_color":"","ocean_breadcrumbs_links_color":"","ocean_breadcrumbs_links_hover_color":"","ocean_display_footer_widgets":"default","ocean_display_footer_bottom":"default","ocean_custom_footer_template":"0","_jetpack_memberships_contains_paid_content":false,"ocean_post_oembed":"","ocean_post_self_hosted_media":"","ocean_post_video_embed":"","ocean_link_format":"","ocean_link_format_target":"self","ocean_quote_format":"","ocean_quote_format_link":"post","ocean_gallery_link_images":"off","ocean_gallery_id":[],"footnotes":""},"categories":[5],"tags":[15,14,13],"class_list":["post-646","post","type-post","status-publish","format-standard","has-post-thumbnail","hentry","category-jagd","tag-tiere","tag-wald","tag-wild","entry","has-media"],"featured_image_urls_v2":{"full":["https:\/\/i0.wp.com\/www.revier67.ch\/solothurn\/wp-content\/uploads\/2021\/05\/Hirsch_Titelbild.jpg?fit=891%2C320&ssl=1",891,320,false],"thumbnail":["https:\/\/i0.wp.com\/www.revier67.ch\/solothurn\/wp-content\/uploads\/2021\/05\/Hirsch_Titelbild.jpg?resize=150%2C150&ssl=1",150,150,true],"medium":["https:\/\/i0.wp.com\/www.revier67.ch\/solothurn\/wp-content\/uploads\/2021\/05\/Hirsch_Titelbild.jpg?fit=300%2C108&ssl=1",300,108,true],"medium_large":["https:\/\/i0.wp.com\/www.revier67.ch\/solothurn\/wp-content\/uploads\/2021\/05\/Hirsch_Titelbild.jpg?fit=768%2C276&ssl=1",768,276,true],"large":["https:\/\/i0.wp.com\/www.revier67.ch\/solothurn\/wp-content\/uploads\/2021\/05\/Hirsch_Titelbild.jpg?fit=891%2C320&ssl=1",891,320,true],"1536x1536":["https:\/\/i0.wp.com\/www.revier67.ch\/solothurn\/wp-content\/uploads\/2021\/05\/Hirsch_Titelbild.jpg?fit=891%2C320&ssl=1",891,320,true],"2048x2048":["https:\/\/i0.wp.com\/www.revier67.ch\/solothurn\/wp-content\/uploads\/2021\/05\/Hirsch_Titelbild.jpg?fit=891%2C320&ssl=1",891,320,true],"ocean-thumb-m":["https:\/\/i0.wp.com\/www.revier67.ch\/solothurn\/wp-content\/uploads\/2021\/05\/Hirsch_Titelbild.jpg?resize=600%2C320&ssl=1",600,320,true],"ocean-thumb-ml":["https:\/\/i0.wp.com\/www.revier67.ch\/solothurn\/wp-content\/uploads\/2021\/05\/Hirsch_Titelbild.jpg?resize=800%2C320&ssl=1",800,320,true],"ocean-thumb-l":["https:\/\/i0.wp.com\/www.revier67.ch\/solothurn\/wp-content\/uploads\/2021\/05\/Hirsch_Titelbild.jpg?resize=891%2C320&ssl=1",891,320,true]},"post_excerpt_stackable_v2":"<p>Wir m\u00f6chten Ihnen unsere Heimische Tierwelt &#8211; das Wild das in unseren W\u00e4ldern lebt &#8211; etwas n\u00e4her bringen. Aus diesem Grund haben wir zu unseren aktuellen und zuk\u00fcnftigen Waldbewohnern je ein Dossier erstellt. Nehmen Sie sich doch einmal die Zeit ein paar spannende Details \u00fcber<\/p>\n","category_list_v2":"<a href=\"https:\/\/www.revier67.ch\/solothurn\/category\/jagd\/\" rel=\"category tag\">Jagd<\/a>","author_info_v2":{"name":"Peter Treier","url":"https:\/\/www.revier67.ch\/solothurn\/author\/peter-treier\/"},"comments_num_v2":"0 comments","jetpack_featured_media_url":"https:\/\/i0.wp.com\/www.revier67.ch\/solothurn\/wp-content\/uploads\/2021\/05\/Hirsch_Titelbild.jpg?fit=891%2C320&ssl=1","jetpack_sharing_enabled":true,"_links":{"self":[{"href":"https:\/\/www.revier67.ch\/solothurn\/wp-json\/wp\/v2\/posts\/646","targetHints":{"allow":["GET"]}}],"collection":[{"href":"https:\/\/www.revier67.ch\/solothurn\/wp-json\/wp\/v2\/posts"}],"about":[{"href":"https:\/\/www.revier67.ch\/solothurn\/wp-json\/wp\/v2\/types\/post"}],"author":[{"embeddable":true,"href":"https:\/\/www.revier67.ch\/solothurn\/wp-json\/wp\/v2\/users\/6"}],"replies":[{"embeddable":true,"href":"https:\/\/www.revier67.ch\/solothurn\/wp-json\/wp\/v2\/comments?post=646"}],"version-history":[{"count":7,"href":"https:\/\/www.revier67.ch\/solothurn\/wp-json\/wp\/v2\/posts\/646\/revisions"}],"predecessor-version":[{"id":664,"href":"https:\/\/www.revier67.ch\/solothurn\/wp-json\/wp\/v2\/posts\/646\/revisions\/664"}],"wp:featuredmedia":[{"embeddable":true,"href":"https:\/\/www.revier67.ch\/solothurn\/wp-json\/wp\/v2\/media\/395"}],"wp:attachment":[{"href":"https:\/\/www.revier67.ch\/solothurn\/wp-json\/wp\/v2\/media?parent=646"}],"wp:term":[{"taxonomy":"category","embeddable":true,"href":"https:\/\/www.revier67.ch\/solothurn\/wp-json\/wp\/v2\/categories?post=646"},{"taxonomy":"post_tag","embeddable":true,"href":"https:\/\/www.revier67.ch\/solothurn\/wp-json\/wp\/v2\/tags?post=646"}],"curies":[{"name":"wp","href":"https:\/\/api.w.org\/{rel}","templated":true}]}}