{"id":700,"date":"2021-06-20T18:36:09","date_gmt":"2021-06-20T16:36:09","guid":{"rendered":"https:\/\/www.revier67.ch\/solothurn\/?p=700"},"modified":"2021-06-20T18:36:11","modified_gmt":"2021-06-20T16:36:11","slug":"https-www-revier67-ch-solothurn-setzzeit-leinenzeit","status":"publish","type":"post","link":"https:\/\/www.revier67.ch\/solothurn\/https-www-revier67-ch-solothurn-setzzeit-leinenzeit\/","title":{"rendered":"Setzzeit &#8211; Leinenzeit"},"content":{"rendered":"\n<blockquote class=\"wp-block-quote is-layout-flow wp-block-quote-is-layout-flow\"><p>Vom 1. April bis zum 31. Juli in W\u00e4ldern und an Waldr\u00e4ndern an der Leine gef\u00fchrt werden. Es ist Setzzeit.<br>Einige Leute scheint dies nicht im geringsten zu interessieren, aber die Verordnung macht durchaus Sinn&#8230;<\/p><\/blockquote>\n\n\n\n<p>Zum Thema Setzzeit muss man hier anmerken: Wir sprechen von einem vom Kanton zu Kanton unterschiedlich ausgelegten Gesetz.<br>In den Fr\u00fchlingsmonaten, in denen viele Wildtiere setzen und br\u00fcten,  sehen manche Kantone zum Schutz des Wildes strenge Vorschriften f\u00fcr das  Ausf\u00fchren von Hunden im Wald vor.  <\/p>\n\n\n\n<p>Ich beziehe mich auf die Auslegung die im Kanton Solothurn Anwendung findet.<\/p>\n\n\n\n<h2 class=\"wp-block-heading\">Was steht im Gesetz?<\/h2>\n\n\n\n<p>Auszug aus der &#8218;Verordnung zum Gesetz \u00fcber das Halten von Hunden (<a href=\"https:\/\/bgs.so.ch\/app\/de\/texts_of_law\/614.72\/versions\/4691\" target=\"_blank\" rel=\"noreferrer noopener\">Hundeverordnung<\/a>) <\/p>\n\n\n\n<div class=\"wp-block-image\"><figure class=\"aligncenter size-large\"><img data-recalc-dims=\"1\" decoding=\"async\" width=\"265\" height=\"24\" src=\"https:\/\/i0.wp.com\/www.revier67.ch\/solothurn\/wp-content\/uploads\/2021\/06\/logo_so.png?resize=265%2C24&#038;ssl=1\" alt=\"\" class=\"wp-image-701\"\/><\/figure><\/div>\n\n\n\n<div class=\"wp-block-ugb-text ugb-text ugb-37995e4 ugb-text--design-plain ugb-text--columns-1 ugb-main-block\"><div class=\"ugb-inner-block\"><div class=\"ugb-block-content\"><div class=\"ugb-text__text-wrapper\"><div class=\"ugb-text__text\"><p class=\"ugb-text__text-1\"><code>\u00a7 4 Leinenpflicht <\/code><br>     <code>1 Generelle Leinenpflicht herrscht <\/code><br>            <code>a) f\u00fcr alle Hunde <\/code><br>                   <code>1.* im Wald vom 1. April bis 31. Juli; <\/code><br>                   <code>2. im von den zust\u00e4ndigen Stellen entsprechend bezeichneten \u00f6ffentlichen Raum;<\/code><br><code> <\/code><br>             <code>b) f\u00fcr einzelne Hunde, <\/code><br>                   <code>1. wenn sie nicht unter st\u00e4ndiger Kontrolle gehalten werden k\u00f6nnen, <\/code><br><code>           insbesondere wenn nicht ausgeschlossen werden kann, dass sie<\/code><br>                           <code>unberechtigterweise jagen oder wildern; <\/code><br>                   <code>2. wenn vom zust\u00e4ndigen Oberamt oder Veterin\u00e4rdienst verordnet.<\/code><\/p><\/div><\/div><\/div><\/div><\/div>\n\n\n\n<h2 class=\"wp-block-heading\">Der Hintergrund<\/h2>\n\n\n\n<p>Auch wenn Ihr Hund kein J\u00e4ger ist und nur so durch den Wald streift ist er eine Last und Gefahr f\u00fcr die Wildtiere. Selbst wenn der Hund nun einem Reh nachstellt k\u00f6nnte man ja sagen, dass das Tier dadurch nicht verletzt wird und es werden sicherlich von J\u00e4gern mehr Tiere erlegt wie von Hunden gerissen.<\/p>\n\n\n\n<p>Der Grund weshalb solche Hunde an die Leine geh\u00f6ren ist eigentlich einfach.<\/p>\n\n\n\n<p>Solche Hetzjagden sind f\u00fcr die Wildtiere enormer Stress. Gerade im Fr\u00fchjahr wenn die Tiere aus dem langen und anstrengenden Winter kommen sind sie eh schon geschw\u00e4cht. In der Brut- und Setzzeit sind Jungtiere eine leichte Beute f\u00fcr jagende Hunde.<\/p>\n\n\n\n<p>Auch wenn die Hunde nicht zubeissen, kann es bei den gehetzten Tieren zu einem Herzstillstand oder einem Abort kommen. <\/p>\n\n\n\n<p>Ausserdem besteht die Gefahr, dass die Wildtiere (und allenfalls auch der Hund) in einen Zaun oder auf die Strasse laufen oder dass Jungtiere von ihren M\u00fcttern getrennt werden. <\/p>\n\n\n\n<div class=\"wp-block-image\"><figure class=\"aligncenter\"><img decoding=\"async\" src=\"https:\/\/i0.wp.com\/www.lalilo.ch\/wp-content\/uploads\/2019\/04\/Rehkietz.jpg?fit=1024%2C682&amp;ssl=1\" alt=\"Setzzeit\" class=\"wp-image-2290\"\/><figcaption>Ein Rehkitz in seinem Versteck<\/figcaption><\/figure><\/div>\n\n\n\n<p>Frisch geborene Rehkitze sind auch darauf angewiesen, unentdeckt vor Fressfeinden zu bleiben. Wenn sie nun durch einen Hund aufgescheucht werden und fliehen m\u00fcssen &#8211; sofern sie dies \u00fcberhaupt schon aus eigener Kraft k\u00f6nnen &#8211; verraten sie ihren Standort und werden gef\u00e4hrdet. (siehe hierzu auch &#8218;<a href=\"https:\/\/www.revier67.ch\/solothurn\/jagd\/unser-wild\/das-reh\/\" data-type=\"page\" data-id=\"427\">Das Reh<\/a>&#8218;)<\/p>\n\n\n\n<h2 class=\"wp-block-heading\">Gefahr droht auch dem Hund<\/h2>\n\n\n\n<p>Wird ein Hund beim Jagen oder Wildern erwischt, sehen fast alle Kantone die M\u00f6glichkeit vor, dass dieser durch den Jagdvorsteher oder eine andere Person abgeschossen werden kann. <\/p>\n\n\n\n<p>Aus der <a href=\"https:\/\/bgs.so.ch\/app\/de\/texts_of_law\/626.12\/versions\/4687\" target=\"_blank\" rel=\"noreferrer noopener\">Jagdverordnung <\/a>des Kanton Solothurn:<\/p>\n\n\n\n<div class=\"wp-block-ugb-text ugb-text ugb-089bf02 ugb-text--design-plain ugb-text--columns-1 ugb-main-block\"><style>.ugb-089bf02 .ugb-text__text p{font-family:\"Palatino Linotype\",Palatino,Palladio,\"URW Palladio L\",\"Book Antiqua\",Baskerville,\"Bookman Old Style\",\"Bitstream Charter\",\"Nimbus Roman No9 L\",Garamond,\"Apple Garamond\",\"ITC Garamond Narrow\",\"New Century Schoolbook\",\"Century Schoolbook\",\"Century Schoolbook L\",Georgia,serif !important}<\/style><div class=\"ugb-inner-block\"><div class=\"ugb-block-content\"><div class=\"ugb-text__text-wrapper\"><div class=\"ugb-text__text\"><p class=\"ugb-text__text-1\"><code>4. Arten- und Lebensraumschutz<br>  4.1. Artenschutz<br>   \u00a7 41 Wildernde Hunde<br>     1 Herrenlos herumstreifende und wildernde Hunde d\u00fcrfen von den Organen der Jagdaufsicht und den Jagdberechtigten ohne Entsch\u00e4digungsfolgen abgeschossen werden, wenn:<br>       a) sie f\u00fcr das Wild eine unmittelbare Gefahr darstellen;<br>       b) deren Halter nicht bekannt sind oder nicht sofort festgestellt und verwarnt werden k\u00f6nnen;<br>       c) die Verwarnung der Halter erfolglos geblieben ist.<\/code><\/p><\/div><\/div><\/div><\/div><\/div>\n\n\n\n<p>Es kann also durchaus der Fall eintreten, dass ein Hund von einer solchen Jagd nicht mehr zur\u00fcck kommt.<\/p>\n\n\n\n<h2 class=\"wp-block-heading\">Fazit<\/h2>\n\n\n\n<p>Man kann an die Hundehalter nur appellieren, s\u00e4mtliche notwendigen Massnahmen zu treffen, um zu verhindern, dass ihre Hunde Wildtiere jagen oder anderweitig st\u00f6ren &#8211; selbst, wenn KEINE kantonale Leinenpflicht besteht. <\/p>\n\n\n\n<p>Es ist nicht nur im Wald grosse Vorsicht walten zu lassen, auch in dessen N\u00e4he und vor allem in Wiesen mit hohem Gras, da viele Wildtiere ihre Jungen gerne dort verstecken! <\/p>\n\n\n\n<p>Jeder Hund ist ein potenzieller J\u00e4ger &#8211; unabh\u00e4ngig von seiner Gr\u00f6sse und seinem Alter. <\/p>\n\n\n\n<p>Auch aus erzieherischer Sicht ist es ratsam, das selbst belohnende Jagdverhalten mit sehr hohem \u201eSucht-Potential\u201c gar nicht erst aufkommen zu lassen. <\/p>\n","protected":false},"excerpt":{"rendered":"<p>Vom 1. April bis zum 31. Juli in W\u00e4ldern und an Waldr\u00e4ndern an der Leine gef\u00fchrt werden. Es ist Setzzeit.Einige Leute scheint dies nicht im geringsten zu interessieren, aber die Verordnung macht durchaus Sinn&#8230; Zum Thema Setzzeit muss man hier anmerken: Wir sprechen von einem vom Kanton zu Kanton unterschiedlich ausgelegten Gesetz.In den Fr\u00fchlingsmonaten, in [&hellip;]<\/p>\n","protected":false},"author":6,"featured_media":712,"comment_status":"open","ping_status":"closed","sticky":false,"template":"elementor_theme","format":"standard","meta":{"ocean_post_layout":"","ocean_both_sidebars_style":"","ocean_both_sidebars_content_width":0,"ocean_both_sidebars_sidebars_width":0,"ocean_sidebar":"0","ocean_second_sidebar":"0","ocean_disable_margins":"enable","ocean_add_body_class":"","ocean_shortcode_before_top_bar":"","ocean_shortcode_after_top_bar":"","ocean_shortcode_before_header":"","ocean_shortcode_after_header":"","ocean_has_shortcode":"","ocean_shortcode_after_title":"","ocean_shortcode_before_footer_widgets":"","ocean_shortcode_after_footer_widgets":"","ocean_shortcode_before_footer_bottom":"","ocean_shortcode_after_footer_bottom":"","ocean_display_top_bar":"default","ocean_display_header":"default","ocean_header_style":"","ocean_center_header_left_menu":"0","ocean_custom_header_template":"0","ocean_custom_logo":0,"ocean_custom_retina_logo":0,"ocean_custom_logo_max_width":0,"ocean_custom_logo_tablet_max_width":0,"ocean_custom_logo_mobile_max_width":0,"ocean_custom_logo_max_height":0,"ocean_custom_logo_tablet_max_height":0,"ocean_custom_logo_mobile_max_height":0,"ocean_header_custom_menu":"0","ocean_menu_typo_font_family":"0","ocean_menu_typo_font_subset":"","ocean_menu_typo_font_size":0,"ocean_menu_typo_font_size_tablet":0,"ocean_menu_typo_font_size_mobile":0,"ocean_menu_typo_font_size_unit":"px","ocean_menu_typo_font_weight":"","ocean_menu_typo_font_weight_tablet":"","ocean_menu_typo_font_weight_mobile":"","ocean_menu_typo_transform":"","ocean_menu_typo_transform_tablet":"","ocean_menu_typo_transform_mobile":"","ocean_menu_typo_line_height":0,"ocean_menu_typo_line_height_tablet":0,"ocean_menu_typo_line_height_mobile":0,"ocean_menu_typo_line_height_unit":"","ocean_menu_typo_spacing":0,"ocean_menu_typo_spacing_tablet":0,"ocean_menu_typo_spacing_mobile":0,"ocean_menu_typo_spacing_unit":"","ocean_menu_link_color":"","ocean_menu_link_color_hover":"","ocean_menu_link_color_active":"","ocean_menu_link_background":"","ocean_menu_link_hover_background":"","ocean_menu_link_active_background":"","ocean_menu_social_links_bg":"","ocean_menu_social_hover_links_bg":"","ocean_menu_social_links_color":"","ocean_menu_social_hover_links_color":"","ocean_disable_title":"default","ocean_disable_heading":"default","ocean_post_title":"","ocean_post_subheading":"","ocean_post_title_style":"","ocean_post_title_background_color":"","ocean_post_title_background":0,"ocean_post_title_bg_image_position":"","ocean_post_title_bg_image_attachment":"","ocean_post_title_bg_image_repeat":"","ocean_post_title_bg_image_size":"","ocean_post_title_height":0,"ocean_post_title_bg_overlay":0.5,"ocean_post_title_bg_overlay_color":"","ocean_disable_breadcrumbs":"default","ocean_breadcrumbs_color":"","ocean_breadcrumbs_separator_color":"","ocean_breadcrumbs_links_color":"","ocean_breadcrumbs_links_hover_color":"","ocean_display_footer_widgets":"default","ocean_display_footer_bottom":"default","ocean_custom_footer_template":"0","_jetpack_memberships_contains_paid_content":false,"ocean_post_oembed":"","ocean_post_self_hosted_media":"","ocean_post_video_embed":"","ocean_link_format":"","ocean_link_format_target":"self","ocean_quote_format":"","ocean_quote_format_link":"post","ocean_gallery_link_images":"off","ocean_gallery_id":[],"footnotes":""},"categories":[5],"tags":[],"class_list":["post-700","post","type-post","status-publish","format-standard","has-post-thumbnail","hentry","category-jagd","entry","has-media"],"featured_image_urls_v2":{"full":["https:\/\/i0.wp.com\/www.revier67.ch\/solothurn\/wp-content\/uploads\/2021\/06\/Leinenpfilicht.jpg?fit=870%2C500&ssl=1",870,500,false],"thumbnail":["https:\/\/i0.wp.com\/www.revier67.ch\/solothurn\/wp-content\/uploads\/2021\/06\/Leinenpfilicht.jpg?resize=150%2C150&ssl=1",150,150,true],"medium":["https:\/\/i0.wp.com\/www.revier67.ch\/solothurn\/wp-content\/uploads\/2021\/06\/Leinenpfilicht.jpg?fit=300%2C172&ssl=1",300,172,true],"medium_large":["https:\/\/i0.wp.com\/www.revier67.ch\/solothurn\/wp-content\/uploads\/2021\/06\/Leinenpfilicht.jpg?fit=768%2C441&ssl=1",768,441,true],"large":["https:\/\/i0.wp.com\/www.revier67.ch\/solothurn\/wp-content\/uploads\/2021\/06\/Leinenpfilicht.jpg?fit=870%2C500&ssl=1",870,500,true],"1536x1536":["https:\/\/i0.wp.com\/www.revier67.ch\/solothurn\/wp-content\/uploads\/2021\/06\/Leinenpfilicht.jpg?fit=870%2C500&ssl=1",870,500,true],"2048x2048":["https:\/\/i0.wp.com\/www.revier67.ch\/solothurn\/wp-content\/uploads\/2021\/06\/Leinenpfilicht.jpg?fit=870%2C500&ssl=1",870,500,true],"ocean-thumb-m":["https:\/\/i0.wp.com\/www.revier67.ch\/solothurn\/wp-content\/uploads\/2021\/06\/Leinenpfilicht.jpg?resize=600%2C500&ssl=1",600,500,true],"ocean-thumb-ml":["https:\/\/i0.wp.com\/www.revier67.ch\/solothurn\/wp-content\/uploads\/2021\/06\/Leinenpfilicht.jpg?resize=800%2C450&ssl=1",800,450,true],"ocean-thumb-l":["https:\/\/i0.wp.com\/www.revier67.ch\/solothurn\/wp-content\/uploads\/2021\/06\/Leinenpfilicht.jpg?resize=870%2C500&ssl=1",870,500,true]},"post_excerpt_stackable_v2":"<p>Vom 1. April bis zum 31. Juli in W\u00e4ldern und an Waldr\u00e4ndern an der Leine gef\u00fchrt werden. Es ist Setzzeit.Einige Leute scheint dies nicht im geringsten zu interessieren, aber die Verordnung macht durchaus Sinn&#8230; Zum Thema Setzzeit muss man hier anmerken: Wir sprechen von einem vom Kanton zu Kanton unterschiedlich ausgelegten Gesetz.In den Fr\u00fchlingsmonaten, in denen viele Wildtiere setzen und br\u00fcten, sehen manche Kantone zum Schutz des Wildes strenge Vorschriften f\u00fcr das Ausf\u00fchren von Hunden im Wald vor. Ich beziehe mich auf die Auslegung die im Kanton Solothurn Anwendung findet. Was steht im Gesetz? Auszug aus der &#8218;Verordnung zum Gesetz&hellip;<\/p>\n","category_list_v2":"<a href=\"https:\/\/www.revier67.ch\/solothurn\/category\/jagd\/\" rel=\"category tag\">Jagd<\/a>","author_info_v2":{"name":"Peter Treier","url":"https:\/\/www.revier67.ch\/solothurn\/author\/peter-treier\/"},"comments_num_v2":"0 comments","jetpack_featured_media_url":"https:\/\/i0.wp.com\/www.revier67.ch\/solothurn\/wp-content\/uploads\/2021\/06\/Leinenpfilicht.jpg?fit=870%2C500&ssl=1","jetpack_sharing_enabled":true,"_links":{"self":[{"href":"https:\/\/www.revier67.ch\/solothurn\/wp-json\/wp\/v2\/posts\/700","targetHints":{"allow":["GET"]}}],"collection":[{"href":"https:\/\/www.revier67.ch\/solothurn\/wp-json\/wp\/v2\/posts"}],"about":[{"href":"https:\/\/www.revier67.ch\/solothurn\/wp-json\/wp\/v2\/types\/post"}],"author":[{"embeddable":true,"href":"https:\/\/www.revier67.ch\/solothurn\/wp-json\/wp\/v2\/users\/6"}],"replies":[{"embeddable":true,"href":"https:\/\/www.revier67.ch\/solothurn\/wp-json\/wp\/v2\/comments?post=700"}],"version-history":[{"count":11,"href":"https:\/\/www.revier67.ch\/solothurn\/wp-json\/wp\/v2\/posts\/700\/revisions"}],"predecessor-version":[{"id":713,"href":"https:\/\/www.revier67.ch\/solothurn\/wp-json\/wp\/v2\/posts\/700\/revisions\/713"}],"wp:featuredmedia":[{"embeddable":true,"href":"https:\/\/www.revier67.ch\/solothurn\/wp-json\/wp\/v2\/media\/712"}],"wp:attachment":[{"href":"https:\/\/www.revier67.ch\/solothurn\/wp-json\/wp\/v2\/media?parent=700"}],"wp:term":[{"taxonomy":"category","embeddable":true,"href":"https:\/\/www.revier67.ch\/solothurn\/wp-json\/wp\/v2\/categories?post=700"},{"taxonomy":"post_tag","embeddable":true,"href":"https:\/\/www.revier67.ch\/solothurn\/wp-json\/wp\/v2\/tags?post=700"}],"curies":[{"name":"wp","href":"https:\/\/api.w.org\/{rel}","templated":true}]}}